{"id":10572,"date":"2021-03-01T07:01:20","date_gmt":"2021-03-01T06:01:20","guid":{"rendered":"http:\/\/www.sdxf.se\/WP\/?p=10572"},"modified":"2021-03-01T11:04:40","modified_gmt":"2021-03-01T10:04:40","slug":"dags-att-fira-radio-nord-60-ar","status":"publish","type":"post","link":"https:\/\/www.sdxf.se\/WP\/?p=10572","title":{"rendered":"Dags att fira Radio Nord 60 \u00e5r"},"content":{"rendered":"<p>Den 8 mars \u00e4r det 60 \u00e5r sedan Radio Nord startade. Det firar gruppen bakom Radio Nord Revival genom att s\u00e4nda minnesprogram p\u00e5 kortv\u00e5g den 7-8 mars. Tillst\u00e5nd finns f\u00f6r 10 kW fr\u00e5n Sala p\u00e5 fyra frekvenser: 6035, 6060, 6130 och 6200 kHz.<\/p>\n<p>G\u00f6ran Lindemark, som h\u00e5ller p\u00e5 att sammanst\u00e4lla programmet, meddelar att man prim\u00e4rt kommer att anv\u00e4nda 6200 kHz under de b\u00e5da dagarna. 6035 kHz och 6130 kHz \u00e4r reserv utifall 6200 kHz drabbas av st\u00f6rningar. Frekvensskiften kommer att annonseras.<\/p>\n<p>Med start strax f\u00f6re klockan 10.00 den 8 mars \u00e5teruts\u00e4nds Radio Nords f\u00f6rsta timmar i etern.\u00a0Stationen passade ju p\u00e5 att starta n\u00e4r Sveriges Radio hade sedvanligt s\u00e4ndningsuppeh\u00e5ll p\u00e5 f\u00f6rmiddagen. D\u00e4rut\u00f6ver utlovas intervjuer med gamla Radio Nord-veteraner, varav n\u00e5gra tyv\u00e4rr nu avlidna.\u00a0 Dessutom blir det musik, reklam, jinglar och \u00e4ven n\u00e5gra program i original.<\/p>\n<p>F\u00f6rhoppningen \u00e4r att \u00e4ven s\u00e4nda p\u00e5 n\u00e4tet vid Streamerp2p.<\/p>\n","protected":false},"excerpt":{"rendered":"<p>Den 8 mars \u00e4r det 60 \u00e5r sedan Radio Nord startade. Det firar gruppen bakom Radio Nord Revival genom att s\u00e4nda minnesprogram p\u00e5 kortv\u00e5g den 7-8 mars. Tillst\u00e5nd finns f\u00f6r 10 kW fr\u00e5n Sala p\u00e5 fyra frekvenser: 6035, 6060, 6130 <span class=\"excerpt-dots\">&hellip;<\/span> <a class=\"more-link\" href=\"https:\/\/www.sdxf.se\/WP\/?p=10572\"><span class=\"more-msg\">L\u00e4s mer &rarr;<\/span><\/a><\/p>\n","protected":false},"author":479,"featured_media":0,"comment_status":"closed","ping_status":"closed","sticky":false,"template":"","format":"standard","meta":{"footnotes":""},"categories":[8,5],"tags":[],"class_list":["post-10572","post","type-post","status-publish","format-standard","hentry","category-nostalgi","category-radionyheter"],"_links":{"self":[{"href":"https:\/\/www.sdxf.se\/WP\/index.php?rest_route=\/wp\/v2\/posts\/10572","targetHints":{"allow":["GET"]}}],"collection":[{"href":"https:\/\/www.sdxf.se\/WP\/index.php?rest_route=\/wp\/v2\/posts"}],"about":[{"href":"https:\/\/www.sdxf.se\/WP\/index.php?rest_route=\/wp\/v2\/types\/post"}],"author":[{"embeddable":true,"href":"https:\/\/www.sdxf.se\/WP\/index.php?rest_route=\/wp\/v2\/users\/479"}],"replies":[{"embeddable":true,"href":"https:\/\/www.sdxf.se\/WP\/index.php?rest_route=%2Fwp%2Fv2%2Fcomments&post=10572"}],"version-history":[{"count":4,"href":"https:\/\/www.sdxf.se\/WP\/index.php?rest_route=\/wp\/v2\/posts\/10572\/revisions"}],"predecessor-version":[{"id":10588,"href":"https:\/\/www.sdxf.se\/WP\/index.php?rest_route=\/wp\/v2\/posts\/10572\/revisions\/10588"}],"wp:attachment":[{"href":"https:\/\/www.sdxf.se\/WP\/index.php?rest_route=%2Fwp%2Fv2%2Fmedia&parent=10572"}],"wp:term":[{"taxonomy":"category","embeddable":true,"href":"https:\/\/www.sdxf.se\/WP\/index.php?rest_route=%2Fwp%2Fv2%2Fcategories&post=10572"},{"taxonomy":"post_tag","embeddable":true,"href":"https:\/\/www.sdxf.se\/WP\/index.php?rest_route=%2Fwp%2Fv2%2Ftags&post=10572"}],"curies":[{"name":"wp","href":"https:\/\/api.w.org\/{rel}","templated":true}]}}