{"id":11224,"date":"2021-08-26T15:24:34","date_gmt":"2021-08-26T13:24:34","guid":{"rendered":"http:\/\/www.sdxf.se\/WP\/?p=11224"},"modified":"2021-08-26T15:25:43","modified_gmt":"2021-08-26T13:25:43","slug":"radio-nord-sander-igen","status":"publish","type":"post","link":"https:\/\/www.sdxf.se\/WP\/?p=11224","title":{"rendered":"Radio Nord s\u00e4nder igen"},"content":{"rendered":"<p><span class=\"d2edcug0 hpfvmrgz qv66sw1b c1et5uql lr9zc1uh a8c37x1j keod5gw0 nxhoafnm aigsh9s9 d3f4x2em fe6kdd0r mau55g9w c8b282yb iv3no6db jq4qci2q a3bd9o3v b1v8xokw oo9gr5id hzawbc8m\" dir=\"auto\">Utst\u00e4llningen om Radio Nord p\u00e5 Vaxholms kastell avslutas i mitten av september. Innan dess, s\u00f6ndagen den 5 september kl 13.00, bjuder T\u00e4by s\u00e4ndaramat\u00f6rer in till ett evenemang p\u00e5 kastellet. Journalisten och f\u00f6rfattaren Jan Kotschack, son till Radio Nords grundare Jack Kotschack, ber\u00e4ttar om stationen. Efter en kaffepaus blir det en fr\u00e5gestund med ett antal Radio Nord-veteraner som lovat att komma.<\/span><\/p>\n<p>Radio Nord Revival har f\u00e5tt s\u00e4ndningstillst\u00e5nd den 4-5 september fr\u00e5n PTS. Det blir s\u00e4ndningar fr\u00e5n kastellet p\u00e5 FM 91,9 MHz. Samt p\u00e5 kortv\u00e5g fr\u00e5n Julita i S\u00f6rmland. Gruppen som hedrar Radio Nords minne har tre alternativa frekvenser i 49-metersbandet : 6035, 6060 och 6130 kHz.<\/p>\n<p>Redan nu streamas program p\u00e5 f\u00f6rs\u00f6k via Internet. G\u00e5 till <a role=\"link\" href=\"http:\/\/www.streamerp2p.com\/\" target=\"_blank\" rel=\"nofollow noopener\" data-saferedirecturl=\"https:\/\/www.google.com\/url?q=http:\/\/www.streamerp2p.com\/?fbclid%3DIwAR1TRJV7dTB-GGjBK2oIXzmEIZgKY9eb7GmocpeGJ4fcfko5ShKPQJa7SD4&amp;source=gmail&amp;ust=1630069650678000&amp;usg=AFQjCNH3XqNKzGP1qnMM1yo6AHhqTqBP5w\">Streamerp2p. <\/a>Ladda ner Streamer 2.20 och installera. Leta sedan efter Radio Nord Revival LG.<span style=\"color: #888888;\"><br clear=\"all\" \/><\/span><\/p>\n","protected":false},"excerpt":{"rendered":"<p>Utst\u00e4llningen om Radio Nord p\u00e5 Vaxholms kastell avslutas i mitten av september. Innan dess, s\u00f6ndagen den 5 september kl 13.00, bjuder T\u00e4by s\u00e4ndaramat\u00f6rer in till ett evenemang p\u00e5 kastellet. Journalisten och f\u00f6rfattaren Jan Kotschack, son till Radio Nords grundare Jack <span class=\"excerpt-dots\">&hellip;<\/span> <a class=\"more-link\" href=\"https:\/\/www.sdxf.se\/WP\/?p=11224\"><span class=\"more-msg\">L\u00e4s mer &rarr;<\/span><\/a><\/p>\n","protected":false},"author":479,"featured_media":0,"comment_status":"closed","ping_status":"closed","sticky":false,"template":"","format":"standard","meta":{"footnotes":""},"categories":[8,5],"tags":[],"class_list":["post-11224","post","type-post","status-publish","format-standard","hentry","category-nostalgi","category-radionyheter"],"_links":{"self":[{"href":"https:\/\/www.sdxf.se\/WP\/index.php?rest_route=\/wp\/v2\/posts\/11224","targetHints":{"allow":["GET"]}}],"collection":[{"href":"https:\/\/www.sdxf.se\/WP\/index.php?rest_route=\/wp\/v2\/posts"}],"about":[{"href":"https:\/\/www.sdxf.se\/WP\/index.php?rest_route=\/wp\/v2\/types\/post"}],"author":[{"embeddable":true,"href":"https:\/\/www.sdxf.se\/WP\/index.php?rest_route=\/wp\/v2\/users\/479"}],"replies":[{"embeddable":true,"href":"https:\/\/www.sdxf.se\/WP\/index.php?rest_route=%2Fwp%2Fv2%2Fcomments&post=11224"}],"version-history":[{"count":2,"href":"https:\/\/www.sdxf.se\/WP\/index.php?rest_route=\/wp\/v2\/posts\/11224\/revisions"}],"predecessor-version":[{"id":11226,"href":"https:\/\/www.sdxf.se\/WP\/index.php?rest_route=\/wp\/v2\/posts\/11224\/revisions\/11226"}],"wp:attachment":[{"href":"https:\/\/www.sdxf.se\/WP\/index.php?rest_route=%2Fwp%2Fv2%2Fmedia&parent=11224"}],"wp:term":[{"taxonomy":"category","embeddable":true,"href":"https:\/\/www.sdxf.se\/WP\/index.php?rest_route=%2Fwp%2Fv2%2Fcategories&post=11224"},{"taxonomy":"post_tag","embeddable":true,"href":"https:\/\/www.sdxf.se\/WP\/index.php?rest_route=%2Fwp%2Fv2%2Ftags&post=11224"}],"curies":[{"name":"wp","href":"https:\/\/api.w.org\/{rel}","templated":true}]}}