{"id":11924,"date":"2022-03-29T22:04:58","date_gmt":"2022-03-29T20:04:58","guid":{"rendered":"http:\/\/www.sdxf.se\/WP\/?p=11924"},"modified":"2022-04-03T09:55:41","modified_gmt":"2022-04-03T07:55:41","slug":"radio-andorra-ater-i-etern","status":"publish","type":"post","link":"https:\/\/www.sdxf.se\/WP\/?p=11924","title":{"rendered":"Radio Andorra \u00e5ter i etern!"},"content":{"rendered":"<p><img loading=\"lazy\" decoding=\"async\" class=\"alignright size-medium wp-image-11925\" src=\"https:\/\/www.sdxf.se\/WP\/wp-content\/uploads\/2022\/03\/00-2-199x300.jpg\" alt=\"andorra\" width=\"199\" height=\"300\" srcset=\"https:\/\/www.sdxf.se\/WP\/wp-content\/uploads\/2022\/03\/00-2-199x300.jpg 199w, https:\/\/www.sdxf.se\/WP\/wp-content\/uploads\/2022\/03\/00-2-678x1024.jpg 678w, https:\/\/www.sdxf.se\/WP\/wp-content\/uploads\/2022\/03\/00-2-768x1159.jpg 768w, https:\/\/www.sdxf.se\/WP\/wp-content\/uploads\/2022\/03\/00-2-1018x1536.jpg 1018w, https:\/\/www.sdxf.se\/WP\/wp-content\/uploads\/2022\/03\/00-2.jpg 1247w\" sizes=\"auto, (max-width: 199px) 100vw, 199px\" \/>Det var l\u00e4nge sedan Radio Andorra tvingades st\u00e4nga f\u00f6r gott men nostalgiska lyssnare ser till att det d\u00e5 och d\u00e5 kommer en nygammal s\u00e4ndning p\u00e5 kortv\u00e5g.<\/p>\n<p>N\u00e4sta g\u00e5ng det \u00e4r dags f\u00f6r det klassiska anropet \u00a1AQU\u00cd RADIO ANDORRA! \u00e4r nu p\u00e5 l\u00f6rdag den 2 april kl. 20.00 svensk sommartid. Programmet kan h\u00f6ras p\u00e5 frekvensen 6180 kHz via Moosbrunn i<br \/>\n\u00d6sterrike.<\/p>\n<p>Den h\u00e4r g\u00e5ngen \u00e4r rubriken Carte Blanche \u00e0 Marcel Zanini och det blir en timme med jazzmusik och med artister som Louis Armstrong, Miles Davis och m\u00e5nga andra.<\/p>\n<p>F\u00f6r den som inte gillar att lyssna p\u00e5 kortv\u00e5g kan programmet \u00e4ven h\u00f6ras p\u00e5<br \/>\nwww.aquiradioandorra.com.<\/p>\n","protected":false},"excerpt":{"rendered":"<p>Det var l\u00e4nge sedan Radio Andorra tvingades st\u00e4nga f\u00f6r gott men nostalgiska lyssnare ser till att det d\u00e5 och d\u00e5 kommer en nygammal s\u00e4ndning p\u00e5 kortv\u00e5g. N\u00e4sta g\u00e5ng det \u00e4r dags f\u00f6r det klassiska anropet \u00a1AQU\u00cd RADIO ANDORRA! \u00e4r nu <span class=\"excerpt-dots\">&hellip;<\/span> <a class=\"more-link\" href=\"https:\/\/www.sdxf.se\/WP\/?p=11924\"><span class=\"more-msg\">L\u00e4s mer &rarr;<\/span><\/a><\/p>\n","protected":false},"author":487,"featured_media":0,"comment_status":"closed","ping_status":"closed","sticky":false,"template":"","format":"standard","meta":{"footnotes":""},"categories":[4],"tags":[],"class_list":["post-11924","post","type-post","status-publish","format-standard","hentry","category-nyheter"],"_links":{"self":[{"href":"https:\/\/www.sdxf.se\/WP\/index.php?rest_route=\/wp\/v2\/posts\/11924","targetHints":{"allow":["GET"]}}],"collection":[{"href":"https:\/\/www.sdxf.se\/WP\/index.php?rest_route=\/wp\/v2\/posts"}],"about":[{"href":"https:\/\/www.sdxf.se\/WP\/index.php?rest_route=\/wp\/v2\/types\/post"}],"author":[{"embeddable":true,"href":"https:\/\/www.sdxf.se\/WP\/index.php?rest_route=\/wp\/v2\/users\/487"}],"replies":[{"embeddable":true,"href":"https:\/\/www.sdxf.se\/WP\/index.php?rest_route=%2Fwp%2Fv2%2Fcomments&post=11924"}],"version-history":[{"count":1,"href":"https:\/\/www.sdxf.se\/WP\/index.php?rest_route=\/wp\/v2\/posts\/11924\/revisions"}],"predecessor-version":[{"id":11926,"href":"https:\/\/www.sdxf.se\/WP\/index.php?rest_route=\/wp\/v2\/posts\/11924\/revisions\/11926"}],"wp:attachment":[{"href":"https:\/\/www.sdxf.se\/WP\/index.php?rest_route=%2Fwp%2Fv2%2Fmedia&parent=11924"}],"wp:term":[{"taxonomy":"category","embeddable":true,"href":"https:\/\/www.sdxf.se\/WP\/index.php?rest_route=%2Fwp%2Fv2%2Fcategories&post=11924"},{"taxonomy":"post_tag","embeddable":true,"href":"https:\/\/www.sdxf.se\/WP\/index.php?rest_route=%2Fwp%2Fv2%2Ftags&post=11924"}],"curies":[{"name":"wp","href":"https:\/\/api.w.org\/{rel}","templated":true}]}}