{"id":12601,"date":"2022-08-11T14:30:17","date_gmt":"2022-08-11T12:30:17","guid":{"rendered":"http:\/\/www.sdxf.se\/WP\/?p=12601"},"modified":"2022-08-11T14:32:41","modified_gmt":"2022-08-11T12:32:41","slug":"lyssna-pa-radio-tirana-pa-svenska","status":"publish","type":"post","link":"https:\/\/www.sdxf.se\/WP\/?p=12601","title":{"rendered":"Lyssna p\u00e5 Radio Tirana p\u00e5 svenska"},"content":{"rendered":"<p><img loading=\"lazy\" decoding=\"async\" class=\"alignright size-full wp-image-12602\" src=\"https:\/\/www.sdxf.se\/WP\/wp-content\/uploads\/2022\/08\/1-1.jpg\" alt=\"\" width=\"263\" height=\"192\" \/>Radio Tirana i Albanien s\u00e4nde program p\u00e5 svenska till oss i Norden mellan \u00e5ren 1980-1991. S\u00e4ndningarna b\u00f6rjade en sommardag den 16 juli 1980 och avslutades 1991 efter att man \u00e5ret innan gjort en stor omorganisation p\u00e5 den Albanska radion.<\/p>\n<p>Jag var klubbkontaktman fram till 1989 d\u00e5 jag blev informationschef och hade som ett av mina uppgifter att f\u00f6rse klubbarna\u00a0 med material.\u00a0 Jag fr\u00e5gade d\u00e5 den svenska avdelningen ifall de kunde g\u00f6ra ett specialprogram d\u00e4r stationen kunde presentera sig som vi sedan kunde l\u00e5na ut till klubbarna att anv\u00e4nda p\u00e5 sina m\u00f6ten. Kassetter\u00a0 kom fr\u00e5n stationerna men fr\u00e5n Radio Tirana kom ett rullband. Nu \u00e4ntligen har H\u00e5kan Lindberg i Tidafors utanf\u00f6r Molkom f\u00f6rt \u00f6ver detta till MP3 s\u00e5 vi kan l\u00e5ta Er ta del av detta. Det \u00e4r inspelat i januari 1990. Vi tackar H\u00e5kan f\u00f6r jobbet.<\/p>\n<p>Du hittar dem under.\u00a0<strong><em>Medlemsportal &gt; Ljudarkivet &gt; Minnen fr\u00e5n Radio Tirana, Albanien &#8211; Svenska programmet<\/em><\/strong><\/p>\n","protected":false},"excerpt":{"rendered":"<p>Radio Tirana i Albanien s\u00e4nde program p\u00e5 svenska till oss i Norden mellan \u00e5ren 1980-1991. S\u00e4ndningarna b\u00f6rjade en sommardag den 16 juli 1980 och avslutades 1991 efter att man \u00e5ret innan gjort en stor omorganisation p\u00e5 den Albanska radion. Jag <span class=\"excerpt-dots\">&hellip;<\/span> <a class=\"more-link\" href=\"https:\/\/www.sdxf.se\/WP\/?p=12601\"><span class=\"more-msg\">L\u00e4s mer &rarr;<\/span><\/a><\/p>\n","protected":false},"author":425,"featured_media":0,"comment_status":"closed","ping_status":"closed","sticky":false,"template":"","format":"standard","meta":{"footnotes":""},"categories":[1],"tags":[],"class_list":["post-12601","post","type-post","status-publish","format-standard","hentry","category-okategoriserade"],"_links":{"self":[{"href":"https:\/\/www.sdxf.se\/WP\/index.php?rest_route=\/wp\/v2\/posts\/12601","targetHints":{"allow":["GET"]}}],"collection":[{"href":"https:\/\/www.sdxf.se\/WP\/index.php?rest_route=\/wp\/v2\/posts"}],"about":[{"href":"https:\/\/www.sdxf.se\/WP\/index.php?rest_route=\/wp\/v2\/types\/post"}],"author":[{"embeddable":true,"href":"https:\/\/www.sdxf.se\/WP\/index.php?rest_route=\/wp\/v2\/users\/425"}],"replies":[{"embeddable":true,"href":"https:\/\/www.sdxf.se\/WP\/index.php?rest_route=%2Fwp%2Fv2%2Fcomments&post=12601"}],"version-history":[{"count":4,"href":"https:\/\/www.sdxf.se\/WP\/index.php?rest_route=\/wp\/v2\/posts\/12601\/revisions"}],"predecessor-version":[{"id":12606,"href":"https:\/\/www.sdxf.se\/WP\/index.php?rest_route=\/wp\/v2\/posts\/12601\/revisions\/12606"}],"wp:attachment":[{"href":"https:\/\/www.sdxf.se\/WP\/index.php?rest_route=%2Fwp%2Fv2%2Fmedia&parent=12601"}],"wp:term":[{"taxonomy":"category","embeddable":true,"href":"https:\/\/www.sdxf.se\/WP\/index.php?rest_route=%2Fwp%2Fv2%2Fcategories&post=12601"},{"taxonomy":"post_tag","embeddable":true,"href":"https:\/\/www.sdxf.se\/WP\/index.php?rest_route=%2Fwp%2Fv2%2Ftags&post=12601"}],"curies":[{"name":"wp","href":"https:\/\/api.w.org\/{rel}","templated":true}]}}