{"id":14825,"date":"2023-03-15T14:10:53","date_gmt":"2023-03-15T13:10:53","guid":{"rendered":"https:\/\/www.sdxf.se\/WP\/?p=14825"},"modified":"2023-03-16T12:10:52","modified_gmt":"2023-03-16T11:10:52","slug":"nytt-i-ljudarkivet-vatikanradion","status":"publish","type":"post","link":"https:\/\/www.sdxf.se\/WP\/?p=14825","title":{"rendered":"Nytt i ljudarkivet: Vatikanradion"},"content":{"rendered":"<p>Vi har fyra nya ljudfiler fr\u00e5n Vatikanradion i v\u00e5rt arkiv. Tack till G\u00f6ran Lindemark f\u00f6r bidraget. I ett av inslagen ber\u00e4ttar Lars Rooth, tidigare ansvarig f\u00f6r Vatikanradions skandinaviska avdelning, om sitt liv i Uppsala.<\/p>\n<p><a href=\"https:\/\/www.sdxf.se\/WP\/wp-content\/uploads\/2022\/09\/larsr.jpg\"><img loading=\"lazy\" decoding=\"async\" class=\"alignright size-medium wp-image-12945\" src=\"https:\/\/www.sdxf.se\/WP\/wp-content\/uploads\/2022\/09\/larsr-204x300.jpg\" alt=\"\" width=\"204\" height=\"300\" srcset=\"https:\/\/www.sdxf.se\/WP\/wp-content\/uploads\/2022\/09\/larsr-204x300.jpg 204w, https:\/\/www.sdxf.se\/WP\/wp-content\/uploads\/2022\/09\/larsr.jpg 305w\" sizes=\"auto, (max-width: 204px) 100vw, 204px\" \/><\/a>Lars Rooth var mellan \u00e5ren 1957 och 1997 ansvarig f\u00f6r det skandinaviska programmet. Han \u00e4r v\u00e4lk\u00e4nd av oss alla radiolyssnare eftersom han var en flitig bes\u00f6kare p\u00e5 v\u00e5ra DX-Parlament. M\u00e5nga k\u00e4nde s\u00e4kert igen hans r\u00f6st som varje kv\u00e4ll klockan 20.15 tonade ut \u00f6ver Europa p\u00e5 9755 kHz kortv\u00e5g eller 1611 MHz mellanv\u00e5g. N\u00e4r signaturmelodin \u201dVem kan segla f\u00f6rutan vind\u201d d\u00f6r bort kommer programmet till lyssnarna.<\/p>\n<p>Du hittar dessa och andra ljudfiler i Medlemsportalen. <a href=\"https:\/\/www.sdxf.se\/WP\/?page_id=1037\" target=\"_blank\" rel=\"noopener\">Medlemskap i SDXF<\/a> kr\u00e4vs f\u00f6r att f\u00e5 ta del av denna l\u00f6senordsskyddade del av v\u00e5r webbplats.<\/p>\n","protected":false},"excerpt":{"rendered":"<p>Vi har fyra nya ljudfiler fr\u00e5n Vatikanradion i v\u00e5rt arkiv. Tack till G\u00f6ran Lindemark f\u00f6r bidraget. I ett av inslagen ber\u00e4ttar Lars Rooth, tidigare ansvarig f\u00f6r Vatikanradions skandinaviska avdelning, om sitt liv i Uppsala. Lars Rooth var mellan \u00e5ren 1957 <span class=\"excerpt-dots\">&hellip;<\/span> <a class=\"more-link\" href=\"https:\/\/www.sdxf.se\/WP\/?p=14825\"><span class=\"more-msg\">L\u00e4s mer &rarr;<\/span><\/a><\/p>\n","protected":false},"author":425,"featured_media":0,"comment_status":"closed","ping_status":"closed","sticky":false,"template":"","format":"standard","meta":{"footnotes":""},"categories":[17,8],"tags":[],"class_list":["post-14825","post","type-post","status-publish","format-standard","hentry","category-arkivet","category-nostalgi"],"_links":{"self":[{"href":"https:\/\/www.sdxf.se\/WP\/index.php?rest_route=\/wp\/v2\/posts\/14825","targetHints":{"allow":["GET"]}}],"collection":[{"href":"https:\/\/www.sdxf.se\/WP\/index.php?rest_route=\/wp\/v2\/posts"}],"about":[{"href":"https:\/\/www.sdxf.se\/WP\/index.php?rest_route=\/wp\/v2\/types\/post"}],"author":[{"embeddable":true,"href":"https:\/\/www.sdxf.se\/WP\/index.php?rest_route=\/wp\/v2\/users\/425"}],"replies":[{"embeddable":true,"href":"https:\/\/www.sdxf.se\/WP\/index.php?rest_route=%2Fwp%2Fv2%2Fcomments&post=14825"}],"version-history":[{"count":5,"href":"https:\/\/www.sdxf.se\/WP\/index.php?rest_route=\/wp\/v2\/posts\/14825\/revisions"}],"predecessor-version":[{"id":14846,"href":"https:\/\/www.sdxf.se\/WP\/index.php?rest_route=\/wp\/v2\/posts\/14825\/revisions\/14846"}],"wp:attachment":[{"href":"https:\/\/www.sdxf.se\/WP\/index.php?rest_route=%2Fwp%2Fv2%2Fmedia&parent=14825"}],"wp:term":[{"taxonomy":"category","embeddable":true,"href":"https:\/\/www.sdxf.se\/WP\/index.php?rest_route=%2Fwp%2Fv2%2Fcategories&post=14825"},{"taxonomy":"post_tag","embeddable":true,"href":"https:\/\/www.sdxf.se\/WP\/index.php?rest_route=%2Fwp%2Fv2%2Ftags&post=14825"}],"curies":[{"name":"wp","href":"https:\/\/api.w.org\/{rel}","templated":true}]}}