{"id":16278,"date":"2023-08-01T07:54:03","date_gmt":"2023-08-01T05:54:03","guid":{"rendered":"https:\/\/www.sdxf.se\/WP\/?p=16278"},"modified":"2023-08-04T09:17:11","modified_gmt":"2023-08-04T07:17:11","slug":"rumanska-radio-maste-spara","status":"publish","type":"post","link":"https:\/\/www.sdxf.se\/WP\/?p=16278","title":{"rendered":"Rum\u00e4nska radion m\u00e5ste spara"},"content":{"rendered":"<p>De h\u00f6ga elpriserna har drabbat \u00e4ven Rum\u00e4nien som har m\u00e5nga s\u00e4ndare p\u00e5 mellanv\u00e5g. Fr\u00e5n och med den 1 augusti 2023 halverar Radio Romania Actualit\u0103\u021bi och flera regionala stationer natteffekten. Detta kan g\u00f6ra det l\u00e4ttare f\u00f6r andra signaler p\u00e5 dessa frekvenser att h\u00f6ras p\u00e5 v\u00e5ra breddgrader.<\/p>\n<p>Budgetnedsk\u00e4rningar tvingar \u00e4ven utlandsradion, Radio Romania International, att stoppa tv\u00e5 av fem kortv\u00e5gss\u00e4ndare i malp\u00e5se. Kvar i etern \u00e4r \u0162ig\u0103ne\u015fti, S\u0103ftica och Galbeni. Enligt information fr\u00e5n stationen <a href=\"https:\/\/www.rri.ro\/en_gb\/two_transmitters_discontinued-2687864\" target=\"_blank\" rel=\"noopener\">\u00e4r detta tillf\u00e4lligt<\/a>. Programmen g\u00e5r nu ut p\u00e5 endast en kortv\u00e5gsfrekvens ist\u00e4llet f\u00f6r, som tidigare, tv\u00e5.<\/p>\n","protected":false},"excerpt":{"rendered":"<p>De h\u00f6ga elpriserna har drabbat \u00e4ven Rum\u00e4nien som har m\u00e5nga s\u00e4ndare p\u00e5 mellanv\u00e5g. Fr\u00e5n och med den 1 augusti 2023 halverar Radio Romania Actualit\u0103\u021bi och flera regionala stationer natteffekten. Detta kan g\u00f6ra det l\u00e4ttare f\u00f6r andra signaler p\u00e5 dessa frekvenser <span class=\"excerpt-dots\">&hellip;<\/span> <a class=\"more-link\" href=\"https:\/\/www.sdxf.se\/WP\/?p=16278\"><span class=\"more-msg\">L\u00e4s mer &rarr;<\/span><\/a><\/p>\n","protected":false},"author":479,"featured_media":0,"comment_status":"closed","ping_status":"closed","sticky":false,"template":"","format":"standard","meta":{"footnotes":""},"categories":[5],"tags":[],"class_list":["post-16278","post","type-post","status-publish","format-standard","hentry","category-radionyheter"],"_links":{"self":[{"href":"https:\/\/www.sdxf.se\/WP\/index.php?rest_route=\/wp\/v2\/posts\/16278","targetHints":{"allow":["GET"]}}],"collection":[{"href":"https:\/\/www.sdxf.se\/WP\/index.php?rest_route=\/wp\/v2\/posts"}],"about":[{"href":"https:\/\/www.sdxf.se\/WP\/index.php?rest_route=\/wp\/v2\/types\/post"}],"author":[{"embeddable":true,"href":"https:\/\/www.sdxf.se\/WP\/index.php?rest_route=\/wp\/v2\/users\/479"}],"replies":[{"embeddable":true,"href":"https:\/\/www.sdxf.se\/WP\/index.php?rest_route=%2Fwp%2Fv2%2Fcomments&post=16278"}],"version-history":[{"count":4,"href":"https:\/\/www.sdxf.se\/WP\/index.php?rest_route=\/wp\/v2\/posts\/16278\/revisions"}],"predecessor-version":[{"id":16282,"href":"https:\/\/www.sdxf.se\/WP\/index.php?rest_route=\/wp\/v2\/posts\/16278\/revisions\/16282"}],"wp:attachment":[{"href":"https:\/\/www.sdxf.se\/WP\/index.php?rest_route=%2Fwp%2Fv2%2Fmedia&parent=16278"}],"wp:term":[{"taxonomy":"category","embeddable":true,"href":"https:\/\/www.sdxf.se\/WP\/index.php?rest_route=%2Fwp%2Fv2%2Fcategories&post=16278"},{"taxonomy":"post_tag","embeddable":true,"href":"https:\/\/www.sdxf.se\/WP\/index.php?rest_route=%2Fwp%2Fv2%2Ftags&post=16278"}],"curies":[{"name":"wp","href":"https:\/\/api.w.org\/{rel}","templated":true}]}}