{"id":16294,"date":"2023-08-09T14:18:35","date_gmt":"2023-08-09T12:18:35","guid":{"rendered":"https:\/\/www.sdxf.se\/WP\/?p=16294"},"modified":"2023-08-23T08:26:56","modified_gmt":"2023-08-23T06:26:56","slug":"valkommen-till-dalsland","status":"publish","type":"post","link":"https:\/\/www.sdxf.se\/WP\/?p=16294","title":{"rendered":"V\u00e4lkommen till Dalsland 2024"},"content":{"rendered":"<div id=\"attachment_16295\" style=\"width: 310px\" class=\"wp-caption alignright\"><a href=\"https:\/\/www.sdxf.se\/WP\/wp-content\/uploads\/2023\/08\/0.jpg\"><img loading=\"lazy\" decoding=\"async\" aria-describedby=\"caption-attachment-16295\" class=\"size-medium wp-image-16295\" src=\"https:\/\/www.sdxf.se\/WP\/wp-content\/uploads\/2023\/08\/0-300x225.jpg\" alt=\"\" width=\"300\" height=\"225\" srcset=\"https:\/\/www.sdxf.se\/WP\/wp-content\/uploads\/2023\/08\/0-300x225.jpg 300w, https:\/\/www.sdxf.se\/WP\/wp-content\/uploads\/2023\/08\/0-768x576.jpg 768w, https:\/\/www.sdxf.se\/WP\/wp-content\/uploads\/2023\/08\/0.jpg 1024w\" sizes=\"auto, (max-width: 300px) 100vw, 300px\" \/><\/a><p id=\"caption-attachment-16295\" class=\"wp-caption-text\">W\u00e4rdshuset p\u00e5 Dal, Mellerud.<\/p><\/div>\n<p>N\u00e4sta \u00e5rs DX-Parlament kommer att h\u00e5llas i dalsl\u00e4ndska Mellerud mellan den 24 och 26 maj 2024. D\u00e4r kommer vi bland annat att g\u00f6ra ett studiebes\u00f6k p\u00e5 akvedukten i H\u00e5verud.<\/p>\n<p>Vi kommer ha v\u00e5ra m\u00f6ten och f\u00f6redrag p\u00e5 <a href=\"https:\/\/wars.se\/\" target=\"_blank\" rel=\"noopener\">W\u00e4rdshuset p\u00e5 Dal. <\/a>Vi kommer \u00e4ven att bo och \u00e4ta v\u00e5ra m\u00e5ltider d\u00e4r. W\u00e4rdshuset p\u00e5 Dal \u00e4r ett hotell med restaurang belagt vid sidan av E45, mitt i Mellerud. Parkering finns kostnadsfritt vid hotellet.<\/p>\n<p>Vi \u00e5terkommer snart mer information samt bokningssida.<\/p>\n","protected":false},"excerpt":{"rendered":"<p>N\u00e4sta \u00e5rs DX-Parlament kommer att h\u00e5llas i dalsl\u00e4ndska Mellerud mellan den 24 och 26 maj 2024. D\u00e4r kommer vi bland annat att g\u00f6ra ett studiebes\u00f6k p\u00e5 akvedukten i H\u00e5verud. Vi kommer ha v\u00e5ra m\u00f6ten och f\u00f6redrag p\u00e5 W\u00e4rdshuset p\u00e5 Dal. <span class=\"excerpt-dots\">&hellip;<\/span> <a class=\"more-link\" href=\"https:\/\/www.sdxf.se\/WP\/?p=16294\"><span class=\"more-msg\">L\u00e4s mer &rarr;<\/span><\/a><\/p>\n","protected":false},"author":425,"featured_media":0,"comment_status":"closed","ping_status":"closed","sticky":false,"template":"","format":"standard","meta":{"footnotes":""},"categories":[6],"tags":[],"class_list":["post-16294","post","type-post","status-publish","format-standard","hentry","category-forbundsnytt"],"_links":{"self":[{"href":"https:\/\/www.sdxf.se\/WP\/index.php?rest_route=\/wp\/v2\/posts\/16294","targetHints":{"allow":["GET"]}}],"collection":[{"href":"https:\/\/www.sdxf.se\/WP\/index.php?rest_route=\/wp\/v2\/posts"}],"about":[{"href":"https:\/\/www.sdxf.se\/WP\/index.php?rest_route=\/wp\/v2\/types\/post"}],"author":[{"embeddable":true,"href":"https:\/\/www.sdxf.se\/WP\/index.php?rest_route=\/wp\/v2\/users\/425"}],"replies":[{"embeddable":true,"href":"https:\/\/www.sdxf.se\/WP\/index.php?rest_route=%2Fwp%2Fv2%2Fcomments&post=16294"}],"version-history":[{"count":5,"href":"https:\/\/www.sdxf.se\/WP\/index.php?rest_route=\/wp\/v2\/posts\/16294\/revisions"}],"predecessor-version":[{"id":16318,"href":"https:\/\/www.sdxf.se\/WP\/index.php?rest_route=\/wp\/v2\/posts\/16294\/revisions\/16318"}],"wp:attachment":[{"href":"https:\/\/www.sdxf.se\/WP\/index.php?rest_route=%2Fwp%2Fv2%2Fmedia&parent=16294"}],"wp:term":[{"taxonomy":"category","embeddable":true,"href":"https:\/\/www.sdxf.se\/WP\/index.php?rest_route=%2Fwp%2Fv2%2Fcategories&post=16294"},{"taxonomy":"post_tag","embeddable":true,"href":"https:\/\/www.sdxf.se\/WP\/index.php?rest_route=%2Fwp%2Fv2%2Ftags&post=16294"}],"curies":[{"name":"wp","href":"https:\/\/api.w.org\/{rel}","templated":true}]}}