{"id":16324,"date":"2023-08-26T18:48:29","date_gmt":"2023-08-26T16:48:29","guid":{"rendered":"https:\/\/www.sdxf.se\/WP\/?p=16324"},"modified":"2023-08-26T20:52:31","modified_gmt":"2023-08-26T18:52:31","slug":"radio-lidingo-978-mhz-testsander","status":"publish","type":"post","link":"https:\/\/www.sdxf.se\/WP\/?p=16324","title":{"rendered":"Radio Liding\u00f6 97,8 MHz tests\u00e4nder"},"content":{"rendered":"<p><a href=\"https:\/\/www.sdxf.se\/WP\/wp-content\/uploads\/2023\/08\/00.jpg\"><img loading=\"lazy\" decoding=\"async\" class=\"alignright size-medium wp-image-16325\" src=\"https:\/\/www.sdxf.se\/WP\/wp-content\/uploads\/2023\/08\/00-300x216.jpg\" alt=\"\" width=\"300\" height=\"216\" srcset=\"https:\/\/www.sdxf.se\/WP\/wp-content\/uploads\/2023\/08\/00-300x216.jpg 300w, https:\/\/www.sdxf.se\/WP\/wp-content\/uploads\/2023\/08\/00-1024x736.jpg 1024w, https:\/\/www.sdxf.se\/WP\/wp-content\/uploads\/2023\/08\/00-768x552.jpg 768w, https:\/\/www.sdxf.se\/WP\/wp-content\/uploads\/2023\/08\/00.jpg 1457w\" sizes=\"auto, (max-width: 300px) 100vw, 300px\" \/><\/a>N\u00e5gra entusiaster f\u00f6rs\u00f6ker f\u00e5 ig\u00e5ng Radio Liding\u00f6 igen p\u00e5 97,8 MHz genom att s\u00e4nda n\u00e5gra dagar, inklusive idag l\u00f6rdag den 26 augusti, fr o m kl 15.00.<\/p>\n<p>F\u00f6rutom att Liding\u00f6 kommunfullm\u00e4ktige direkts\u00e4nds p\u00e5 Radio Liding\u00f6s gamla frekvens FM 97,8 kommer man nu ocks\u00e5 att provs\u00e4nda musik nio timmar i veckan. Det blir varje fredag till s\u00f6ndag kl 15-18.<\/p>\n<p>Radio Liding\u00f6s s\u00e4ndningar \u00f6ver FM 97,8 upph\u00f6rde i samband med \u00e5rsskiftet 2022\/23.<\/p>\n<p>Tack Stuart Ward f\u00f6r informationen.<\/p>\n","protected":false},"excerpt":{"rendered":"<p>N\u00e5gra entusiaster f\u00f6rs\u00f6ker f\u00e5 ig\u00e5ng Radio Liding\u00f6 igen p\u00e5 97,8 MHz genom att s\u00e4nda n\u00e5gra dagar, inklusive idag l\u00f6rdag den 26 augusti, fr o m kl 15.00. F\u00f6rutom att Liding\u00f6 kommunfullm\u00e4ktige direkts\u00e4nds p\u00e5 Radio Liding\u00f6s gamla frekvens FM 97,8 kommer <span class=\"excerpt-dots\">&hellip;<\/span> <a class=\"more-link\" href=\"https:\/\/www.sdxf.se\/WP\/?p=16324\"><span class=\"more-msg\">L\u00e4s mer &rarr;<\/span><\/a><\/p>\n","protected":false},"author":425,"featured_media":0,"comment_status":"closed","ping_status":"closed","sticky":false,"template":"","format":"standard","meta":{"footnotes":""},"categories":[5],"tags":[],"class_list":["post-16324","post","type-post","status-publish","format-standard","hentry","category-radionyheter"],"_links":{"self":[{"href":"https:\/\/www.sdxf.se\/WP\/index.php?rest_route=\/wp\/v2\/posts\/16324","targetHints":{"allow":["GET"]}}],"collection":[{"href":"https:\/\/www.sdxf.se\/WP\/index.php?rest_route=\/wp\/v2\/posts"}],"about":[{"href":"https:\/\/www.sdxf.se\/WP\/index.php?rest_route=\/wp\/v2\/types\/post"}],"author":[{"embeddable":true,"href":"https:\/\/www.sdxf.se\/WP\/index.php?rest_route=\/wp\/v2\/users\/425"}],"replies":[{"embeddable":true,"href":"https:\/\/www.sdxf.se\/WP\/index.php?rest_route=%2Fwp%2Fv2%2Fcomments&post=16324"}],"version-history":[{"count":4,"href":"https:\/\/www.sdxf.se\/WP\/index.php?rest_route=\/wp\/v2\/posts\/16324\/revisions"}],"predecessor-version":[{"id":16329,"href":"https:\/\/www.sdxf.se\/WP\/index.php?rest_route=\/wp\/v2\/posts\/16324\/revisions\/16329"}],"wp:attachment":[{"href":"https:\/\/www.sdxf.se\/WP\/index.php?rest_route=%2Fwp%2Fv2%2Fmedia&parent=16324"}],"wp:term":[{"taxonomy":"category","embeddable":true,"href":"https:\/\/www.sdxf.se\/WP\/index.php?rest_route=%2Fwp%2Fv2%2Fcategories&post=16324"},{"taxonomy":"post_tag","embeddable":true,"href":"https:\/\/www.sdxf.se\/WP\/index.php?rest_route=%2Fwp%2Fv2%2Ftags&post=16324"}],"curies":[{"name":"wp","href":"https:\/\/api.w.org\/{rel}","templated":true}]}}