{"id":16502,"date":"2023-10-07T20:18:50","date_gmt":"2023-10-07T18:18:50","guid":{"rendered":"https:\/\/www.sdxf.se\/WP\/?p=16502"},"modified":"2023-10-15T19:02:08","modified_gmt":"2023-10-15T17:02:08","slug":"dags-for-hostens-specialprogram-fran-sdxf","status":"publish","type":"post","link":"https:\/\/www.sdxf.se\/WP\/?p=16502","title":{"rendered":"H\u00f6stens specialprogram fr\u00e5n SDXF"},"content":{"rendered":"<p><a href=\"https:\/\/www.sdxf.se\/WP\/wp-content\/uploads\/2016\/11\/channel-292.jpg\"><img loading=\"lazy\" decoding=\"async\" class=\"alignright size-medium wp-image-4760\" src=\"https:\/\/www.sdxf.se\/WP\/wp-content\/uploads\/2016\/11\/channel-292-300x89.jpg\" alt=\"\" width=\"300\" height=\"89\" srcset=\"https:\/\/www.sdxf.se\/WP\/wp-content\/uploads\/2016\/11\/channel-292-300x89.jpg 300w, https:\/\/www.sdxf.se\/WP\/wp-content\/uploads\/2016\/11\/channel-292-500x149.jpg 500w, https:\/\/www.sdxf.se\/WP\/wp-content\/uploads\/2016\/11\/channel-292.jpg 729w\" sizes=\"auto, (max-width: 300px) 100vw, 300px\" \/><\/a>Under allhelgonahelgen \u00e4r det dags f\u00f6r h\u00f6stens specialprogram fr\u00e5n Sveriges DX-F\u00f6rbund.\u00a0 Det \u00e4r som vanligt G\u00f6ran Lindemark som st\u00e5r f\u00f6r programmet. Vi kan nog v\u00e4nta oss en del inslag fr\u00e5n \u00e5rets DX-Parlament i Karlsborg i maj m\u00e5nad.<\/p>\n<p>S\u00e4ndningstider \u00e4r:<\/p>\n<div>L\u00f6rdag 4 november kl. 11.00-12.00 CET p\u00e5 9670 kHz (ingen \u00e4ndring)<\/div>\n<div>\u00a0 \u00a0 \u00a0 \u00a0 \u00a0 \u00a0 \u00a0 \u00a0 \u00a0 \u00a0 \u00a0 \u00a0 \u00a0 \u00a0 \u00a0 \u00a0 \u00a0 \u00a0 \u00a0kl. 15.00-16.00 CET p\u00e5 9670 kHz (ny s\u00e4ndning)<\/div>\n<div>S\u00f6ndag 5 november kl. 15.00-16.00 CET p\u00e5 9670 kHz (ny tid)<\/div>\n","protected":false},"excerpt":{"rendered":"<p>Under allhelgonahelgen \u00e4r det dags f\u00f6r h\u00f6stens specialprogram fr\u00e5n Sveriges DX-F\u00f6rbund.\u00a0 Det \u00e4r som vanligt G\u00f6ran Lindemark som st\u00e5r f\u00f6r programmet. Vi kan nog v\u00e4nta oss en del inslag fr\u00e5n \u00e5rets DX-Parlament i Karlsborg i maj m\u00e5nad. S\u00e4ndningstider \u00e4r: L\u00f6rdag <span class=\"excerpt-dots\">&hellip;<\/span> <a class=\"more-link\" href=\"https:\/\/www.sdxf.se\/WP\/?p=16502\"><span class=\"more-msg\">L\u00e4s mer &rarr;<\/span><\/a><\/p>\n","protected":false},"author":425,"featured_media":0,"comment_status":"closed","ping_status":"closed","sticky":false,"template":"","format":"standard","meta":{"footnotes":""},"categories":[6,5],"tags":[],"class_list":["post-16502","post","type-post","status-publish","format-standard","hentry","category-forbundsnytt","category-radionyheter"],"_links":{"self":[{"href":"https:\/\/www.sdxf.se\/WP\/index.php?rest_route=\/wp\/v2\/posts\/16502","targetHints":{"allow":["GET"]}}],"collection":[{"href":"https:\/\/www.sdxf.se\/WP\/index.php?rest_route=\/wp\/v2\/posts"}],"about":[{"href":"https:\/\/www.sdxf.se\/WP\/index.php?rest_route=\/wp\/v2\/types\/post"}],"author":[{"embeddable":true,"href":"https:\/\/www.sdxf.se\/WP\/index.php?rest_route=\/wp\/v2\/users\/425"}],"replies":[{"embeddable":true,"href":"https:\/\/www.sdxf.se\/WP\/index.php?rest_route=%2Fwp%2Fv2%2Fcomments&post=16502"}],"version-history":[{"count":10,"href":"https:\/\/www.sdxf.se\/WP\/index.php?rest_route=\/wp\/v2\/posts\/16502\/revisions"}],"predecessor-version":[{"id":16550,"href":"https:\/\/www.sdxf.se\/WP\/index.php?rest_route=\/wp\/v2\/posts\/16502\/revisions\/16550"}],"wp:attachment":[{"href":"https:\/\/www.sdxf.se\/WP\/index.php?rest_route=%2Fwp%2Fv2%2Fmedia&parent=16502"}],"wp:term":[{"taxonomy":"category","embeddable":true,"href":"https:\/\/www.sdxf.se\/WP\/index.php?rest_route=%2Fwp%2Fv2%2Fcategories&post=16502"},{"taxonomy":"post_tag","embeddable":true,"href":"https:\/\/www.sdxf.se\/WP\/index.php?rest_route=%2Fwp%2Fv2%2Ftags&post=16502"}],"curies":[{"name":"wp","href":"https:\/\/api.w.org\/{rel}","templated":true}]}}