{"id":17216,"date":"2024-04-02T19:40:54","date_gmt":"2024-04-02T17:40:54","guid":{"rendered":"https:\/\/www.sdxf.se\/WP\/?p=17216"},"modified":"2024-04-07T07:34:58","modified_gmt":"2024-04-07T05:34:58","slug":"valkommen-till-edxcs-konferens-i-tartu-estland","status":"publish","type":"post","link":"https:\/\/www.sdxf.se\/WP\/?p=17216","title":{"rendered":"V\u00e4lkommen till EDXC:s konferens i Tartu"},"content":{"rendered":"<p><a href=\"https:\/\/www.sdxf.se\/WP\/wp-content\/uploads\/2024\/03\/0-4.jpg\"><img loading=\"lazy\" decoding=\"async\" class=\"alignright size-thumbnail wp-image-17217\" src=\"https:\/\/www.sdxf.se\/WP\/wp-content\/uploads\/2024\/03\/0-4-300x225.jpg\" alt=\"\" width=\"300\" height=\"225\" srcset=\"https:\/\/www.sdxf.se\/WP\/wp-content\/uploads\/2024\/03\/0-4-300x225.jpg 300w, https:\/\/www.sdxf.se\/WP\/wp-content\/uploads\/2024\/03\/0-4-1024x768.jpg 1024w, https:\/\/www.sdxf.se\/WP\/wp-content\/uploads\/2024\/03\/0-4-768x576.jpg 768w, https:\/\/www.sdxf.se\/WP\/wp-content\/uploads\/2024\/03\/0-4-1536x1152.jpg 1536w, https:\/\/www.sdxf.se\/WP\/wp-content\/uploads\/2024\/03\/0-4.jpg 1920w\" sizes=\"auto, (max-width: 300px) 100vw, 300px\" \/><\/a>Det \u00e5rliga m\u00f6tet f\u00f6r European DX Council kommer i \u00e5r att h\u00e5llas 20-23 september i Tartu, syd\u00f6stra Estland. I \u00e5r \u00e4r Tartu en av Europas kulturhuvudst\u00e4der.<\/p>\n<p>Programmet \u00e4r under uppbyggnad. EDXC hoppas kunna \u00f6ppna <a href=\"http:\/\/www.edxc.org\" target=\"_blank\" rel=\"noopener\">webbsidorna med mer information<\/a> i april. I nul\u00e4get kan man ber\u00e4tta f\u00f6ljande: Fredagen den 20 september planeras en gemensam busstransport fr\u00e5n Tallinn (avg\u00e5r senast kl 13.00). Bussen kommer att stanna vid The Estonian Broadcasting Museum i T\u00fbri (centrala Estland) f\u00f6r bes\u00f6k. Andra bussf\u00f6rbindelser finns t. ex. fr\u00e5n Tallinn eller Riga.<\/p>\n<p>Konferenspresentationerna kommer att \u00e4ga rum fredag kv\u00e4ll, l\u00f6rdag och s\u00f6ndag morgon. P\u00e5 s\u00f6ndag eftermiddag planeras en bussresa till Valga (som ligger p\u00e5 gr\u00e4nsen mellan Estland och Lettland).<\/p>\n<p>Konferenspriserna kommer att vara m\u00e5ttliga. Arrang\u00f6rerna svarar g\u00e4rna p\u00e5 fr\u00e5gor och tar emot prelimin\u00e4ra anm\u00e4lningar <a href=\"mailto:risto.vahakainu@helsinki.fi\" target=\"_blank\" rel=\"noopener\">via mejl<\/a>.<\/p>\n","protected":false},"excerpt":{"rendered":"<p>Det \u00e5rliga m\u00f6tet f\u00f6r European DX Council kommer i \u00e5r att h\u00e5llas 20-23 september i Tartu, syd\u00f6stra Estland. I \u00e5r \u00e4r Tartu en av Europas kulturhuvudst\u00e4der. Programmet \u00e4r under uppbyggnad. EDXC hoppas kunna \u00f6ppna webbsidorna med mer information i april. <span class=\"excerpt-dots\">&hellip;<\/span> <a class=\"more-link\" href=\"https:\/\/www.sdxf.se\/WP\/?p=17216\"><span class=\"more-msg\">L\u00e4s mer &rarr;<\/span><\/a><\/p>\n","protected":false},"author":425,"featured_media":0,"comment_status":"closed","ping_status":"closed","sticky":false,"template":"","format":"standard","meta":{"footnotes":""},"categories":[6],"tags":[],"class_list":["post-17216","post","type-post","status-publish","format-standard","hentry","category-forbundsnytt"],"_links":{"self":[{"href":"https:\/\/www.sdxf.se\/WP\/index.php?rest_route=\/wp\/v2\/posts\/17216","targetHints":{"allow":["GET"]}}],"collection":[{"href":"https:\/\/www.sdxf.se\/WP\/index.php?rest_route=\/wp\/v2\/posts"}],"about":[{"href":"https:\/\/www.sdxf.se\/WP\/index.php?rest_route=\/wp\/v2\/types\/post"}],"author":[{"embeddable":true,"href":"https:\/\/www.sdxf.se\/WP\/index.php?rest_route=\/wp\/v2\/users\/425"}],"replies":[{"embeddable":true,"href":"https:\/\/www.sdxf.se\/WP\/index.php?rest_route=%2Fwp%2Fv2%2Fcomments&post=17216"}],"version-history":[{"count":3,"href":"https:\/\/www.sdxf.se\/WP\/index.php?rest_route=\/wp\/v2\/posts\/17216\/revisions"}],"predecessor-version":[{"id":17220,"href":"https:\/\/www.sdxf.se\/WP\/index.php?rest_route=\/wp\/v2\/posts\/17216\/revisions\/17220"}],"wp:attachment":[{"href":"https:\/\/www.sdxf.se\/WP\/index.php?rest_route=%2Fwp%2Fv2%2Fmedia&parent=17216"}],"wp:term":[{"taxonomy":"category","embeddable":true,"href":"https:\/\/www.sdxf.se\/WP\/index.php?rest_route=%2Fwp%2Fv2%2Fcategories&post=17216"},{"taxonomy":"post_tag","embeddable":true,"href":"https:\/\/www.sdxf.se\/WP\/index.php?rest_route=%2Fwp%2Fv2%2Ftags&post=17216"}],"curies":[{"name":"wp","href":"https:\/\/api.w.org\/{rel}","templated":true}]}}