{"id":17709,"date":"2024-05-27T20:54:48","date_gmt":"2024-05-27T18:54:48","guid":{"rendered":"https:\/\/www.sdxf.se\/WP\/?p=17709"},"modified":"2024-05-28T09:48:39","modified_gmt":"2024-05-28T07:48:39","slug":"arets-dx-parlament-blev-en-varm-historia","status":"publish","type":"post","link":"https:\/\/www.sdxf.se\/WP\/?p=17709","title":{"rendered":"\u00c5rets DX-Parlament blev en varm historia"},"content":{"rendered":"<p>Under den nyss avslutade helgen mellan den 24-26 maj s\u00e5 samlades ett 20-tal medlemmar i dalsl\u00e4ndska Mellerud f\u00f6r att tr\u00e4ffas under gemytliga former p\u00e5 Dinners som nyligen\u00a0 bytte namn fr\u00e5n V\u00e4rdshuset p\u00e5 Dal.<\/p>\n<p>Strax efter lunch p\u00e5 fredagen samlades man f\u00f6r att gemensamt \u00e5ka till grannstaden \u00c5m\u00e5l d\u00e4r Bente Hjelm, grundare och \u00e4gare till radiostationen, m\u00f6tte upp oss. Bente kunde ber\u00e4tta att musiken man spelar i programmen \u00e4r fr\u00e5n slutet av 50-talet och fram till dagens hits med lite extra fokus p\u00e5 60- 70 &amp; 80 tals musiken. Man s\u00e4nder \u00f6ver Dalsland och S\u00f6dra V\u00e4rmland. Fr\u00e5n Br\u00e5landa &amp; Mellerud i s\u00f6der till att n\u00e4stan kunna n\u00e5 Karlstad,\u00a0\u00a0i norr, Dals Ed &amp; \u00c5rj\u00e4ng i v\u00e4ster. Frekvenserna man anv\u00e4nder \u00e4r:<\/p>\n<p><strong>98,1 MHz<\/strong>\u00a0f\u00f6r norra Dalsland &amp; s\u00f6dra V\u00e4rmland<br \/>\n<strong>101,6\u00a0MHz<\/strong>\u00a0f\u00f6r s\u00f6dra Dalsland<br \/>\n<strong>105,6 MHz<\/strong>\u00a0f\u00f6r centrala \u00c5m\u00e5l<br \/>\n<strong>100,7\u00a0MHz<\/strong>\u00a0f\u00f6r centrala S\u00e4ffle<\/p>\n<div id=\"attachment_17710\" style=\"width: 1034px\" class=\"wp-caption alignright\"><a href=\"https:\/\/www.sdxf.se\/WP\/wp-content\/uploads\/2024\/05\/20240524_155105-scaled.jpg\"><img loading=\"lazy\" decoding=\"async\" aria-describedby=\"caption-attachment-17710\" class=\"wp-image-17710 size-large\" src=\"https:\/\/www.sdxf.se\/WP\/wp-content\/uploads\/2024\/05\/20240524_155105-1024x768.jpg\" alt=\"\" width=\"1024\" height=\"768\" srcset=\"https:\/\/www.sdxf.se\/WP\/wp-content\/uploads\/2024\/05\/20240524_155105-1024x768.jpg 1024w, https:\/\/www.sdxf.se\/WP\/wp-content\/uploads\/2024\/05\/20240524_155105-300x225.jpg 300w, https:\/\/www.sdxf.se\/WP\/wp-content\/uploads\/2024\/05\/20240524_155105-768x576.jpg 768w, https:\/\/www.sdxf.se\/WP\/wp-content\/uploads\/2024\/05\/20240524_155105-1536x1152.jpg 1536w, https:\/\/www.sdxf.se\/WP\/wp-content\/uploads\/2024\/05\/20240524_155105-2048x1536.jpg 2048w\" sizes=\"auto, (max-width: 1024px) 100vw, 1024px\" \/><\/a><p id=\"caption-attachment-17710\" class=\"wp-caption-text\">Bente Lind Radio 45:s grundare i mitten<\/p><\/div>\n<p>N\u00e4r vi sedan kom tillbaka till Mellerud s\u00e5 var det efter lite fika och s\u00e5 dags f\u00f6r Roger Larsson att ber\u00e4tta om hans nyligen avlutade resa till Turkmenistan en intressant ber\u00e4ttelse med bilder fr\u00e5n ett land som m\u00e5nga av oss inte visste s\u00e5 mycket om tidigare.<\/p>\n<p>P\u00e5 l\u00f6rdagen m\u00f6ttes vi av ett fantastisk v\u00e4der och dags f\u00f6r \u00e5rsm\u00f6tet som blev klart p\u00e5 en timme ungef\u00e4r d\u00e4r vi kan v\u00e4lkomna tv\u00e5 nya till styrelsen. Det \u00e4r Mats Westin i Ume\u00e5 som ordinarie ledamot och Roger Larsson som suppleant. Ingen l\u00e4mnade styrelsen vilket betyder att vi ut\u00f6kat styrelsen med tv\u00e5 personer.<\/p>\n<p>Efter \u00e5rsm\u00f6te och fika var det d\u00e5 dags f\u00f6r Kaja Sakk och Anu Kaupmees, tidigare medarbetare p\u00e5 Radio Tallinns\u00a0 svenska redaktion, som\u00a0 ber\u00e4ttade med gl\u00e4dje om sin tid d\u00e4r p\u00e5 fr\u00e4mst 80-talet. De ber\u00e4ttade d\u00e5 bland annat att de v\u00e4grade att ta med en del av texterna som de fick direkt fr\u00e5n Moskva som de upplevde som l\u00f6jliga och skrattretande. De skulle \u00f6vers\u00e4tta dessa till svenska f\u00f6r att sedan l\u00e4sa upp dom i programmet. Sedan var det dags att ist\u00e4llet f\u00f6r Estland koppla upp sig mot USA och Bill Whitacre, tidigare Director of Frequency Management &amp; Monitoring p\u00e5 VoA.<\/p>\n<p><a href=\"https:\/\/www.sdxf.se\/WP\/wp-content\/uploads\/2024\/05\/20240525_131310-scaled.jpg\"><img loading=\"lazy\" decoding=\"async\" class=\"aligncenter size-large wp-image-17711\" src=\"https:\/\/www.sdxf.se\/WP\/wp-content\/uploads\/2024\/05\/20240525_131310-768x1024.jpg\" alt=\"\" width=\"768\" height=\"1024\" srcset=\"https:\/\/www.sdxf.se\/WP\/wp-content\/uploads\/2024\/05\/20240525_131310-768x1024.jpg 768w, https:\/\/www.sdxf.se\/WP\/wp-content\/uploads\/2024\/05\/20240525_131310-225x300.jpg 225w, https:\/\/www.sdxf.se\/WP\/wp-content\/uploads\/2024\/05\/20240525_131310-1152x1536.jpg 1152w, https:\/\/www.sdxf.se\/WP\/wp-content\/uploads\/2024\/05\/20240525_131310-1536x2048.jpg 1536w, https:\/\/www.sdxf.se\/WP\/wp-content\/uploads\/2024\/05\/20240525_131310-scaled.jpg 1920w\" sizes=\"auto, (max-width: 768px) 100vw, 768px\" \/><\/a>Efter lunchen var det dags att r\u00f6ra lite p\u00e5 sig och f\u00f6rflytta sig mot H\u00e5verud d\u00e4r den k\u00e4nda viadukten finns. P\u00e5 v\u00e4g till H\u00e5verud stannade vi till vid Nordiska tomtemuseet d\u00e4r <span class=\"style3\">S<\/span>ten Torstensson som \u00e4r en av grundarna till museet fanns d\u00e4r f\u00f6r att ta emot oss och entusiastiskt pratade om alla de tomtar han samlat under cirka 70-\u00e5r. Detta var f\u00f6r \u00f6vrigt det femte museet han har startat.<\/p>\n<p><a href=\"https:\/\/www.sdxf.se\/WP\/wp-content\/uploads\/2024\/05\/20240525_135913-scaled.jpg\"><img loading=\"lazy\" decoding=\"async\" class=\"aligncenter size-large wp-image-17712\" src=\"https:\/\/www.sdxf.se\/WP\/wp-content\/uploads\/2024\/05\/20240525_135913-1024x768.jpg\" alt=\"\" width=\"1024\" height=\"768\" srcset=\"https:\/\/www.sdxf.se\/WP\/wp-content\/uploads\/2024\/05\/20240525_135913-1024x768.jpg 1024w, https:\/\/www.sdxf.se\/WP\/wp-content\/uploads\/2024\/05\/20240525_135913-300x225.jpg 300w, https:\/\/www.sdxf.se\/WP\/wp-content\/uploads\/2024\/05\/20240525_135913-768x576.jpg 768w, https:\/\/www.sdxf.se\/WP\/wp-content\/uploads\/2024\/05\/20240525_135913-1536x1152.jpg 1536w, https:\/\/www.sdxf.se\/WP\/wp-content\/uploads\/2024\/05\/20240525_135913-2048x1536.jpg 2048w\" sizes=\"auto, (max-width: 1024px) 100vw, 1024px\" \/><\/a>Sedan var det d\u00e5 dags f\u00f6r Kanalmuseet i H\u00e5verud d\u00e4r vi f\u00f6rst fick en historisk dragning av Loic Manchec som var hembygdsf\u00f6reningens ordf\u00f6rande. Tyv\u00e4rr var vi lite tidiga f\u00f6r sj\u00e4lva slussningen b\u00f6rjar f\u00f6rst den 12 juni.<\/p>\n<div id=\"attachment_17713\" style=\"width: 1034px\" class=\"wp-caption aligncenter\"><a href=\"https:\/\/www.sdxf.se\/WP\/wp-content\/uploads\/2024\/05\/20240525_155410-scaled.jpg\"><img loading=\"lazy\" decoding=\"async\" aria-describedby=\"caption-attachment-17713\" class=\"size-large wp-image-17713\" src=\"https:\/\/www.sdxf.se\/WP\/wp-content\/uploads\/2024\/05\/20240525_155410-1024x768.jpg\" alt=\"\" width=\"1024\" height=\"768\" srcset=\"https:\/\/www.sdxf.se\/WP\/wp-content\/uploads\/2024\/05\/20240525_155410-1024x768.jpg 1024w, https:\/\/www.sdxf.se\/WP\/wp-content\/uploads\/2024\/05\/20240525_155410-300x225.jpg 300w, https:\/\/www.sdxf.se\/WP\/wp-content\/uploads\/2024\/05\/20240525_155410-768x576.jpg 768w, https:\/\/www.sdxf.se\/WP\/wp-content\/uploads\/2024\/05\/20240525_155410-1536x1152.jpg 1536w, https:\/\/www.sdxf.se\/WP\/wp-content\/uploads\/2024\/05\/20240525_155410-2048x1536.jpg 2048w\" sizes=\"auto, (max-width: 1024px) 100vw, 1024px\" \/><\/a><p id=\"caption-attachment-17713\" class=\"wp-caption-text\">Bild: Torleif Roos, Asfalttelegrafen<\/p><\/div>\n<p>N\u00e4r vi kom tillbaka till Mellerud fanns Torleif Roos p\u00e5 plats f\u00f6r att ber\u00e4tta om Asfaltstelegrafen och hur han har k\u00e4mpat f\u00f6r att f\u00e5 permanent tillst\u00e5nd f\u00f6r mellanv\u00e5gss\u00e4ndningar fr\u00e5n Sverige. Thorleif ber\u00e4ttade om sin station och sina planer f\u00f6r stationen som s\u00e4nder p\u00e5 mellanv\u00e5gens 1494 KHz. Tyv\u00e4rr kan privatpersoner inte f\u00e5 permanent licens i Sverige, s\u00e5 Torleif m\u00e5ste ans\u00f6ka om 14-dagarslicens varje g\u00e5ng han vill s\u00e4nda.<\/p>\n<p>Efter lite mat var det dags f\u00f6r plakettutdelning och DX-V\u00e4nnernas sedvanliga auktion som Moritz h\u00f6ll i med en fin svingande klubba. Lars Wieden noterade f\u00f6r glatta livet alla bud som kom in p\u00e5 radioapparater, b\u00f6cker, cd, tidningar, radior\u00f6r och en del annat. Efter detta blev det en \u00f6l innan det var dags att koppla upp antarktis och LRA 36 &#8211; National Radio Arc\u00e1ngel San Gabriel vilket var riktig trevligt.<\/p>\n<div id=\"attachment_17714\" style=\"width: 1034px\" class=\"wp-caption aligncenter\"><a href=\"https:\/\/www.sdxf.se\/WP\/wp-content\/uploads\/2024\/05\/20240525_214139-scaled.jpg\"><img loading=\"lazy\" decoding=\"async\" aria-describedby=\"caption-attachment-17714\" class=\"size-large wp-image-17714\" src=\"https:\/\/www.sdxf.se\/WP\/wp-content\/uploads\/2024\/05\/20240525_214139-1024x768.jpg\" alt=\"\" width=\"1024\" height=\"768\" srcset=\"https:\/\/www.sdxf.se\/WP\/wp-content\/uploads\/2024\/05\/20240525_214139-1024x768.jpg 1024w, https:\/\/www.sdxf.se\/WP\/wp-content\/uploads\/2024\/05\/20240525_214139-300x225.jpg 300w, https:\/\/www.sdxf.se\/WP\/wp-content\/uploads\/2024\/05\/20240525_214139-768x576.jpg 768w, https:\/\/www.sdxf.se\/WP\/wp-content\/uploads\/2024\/05\/20240525_214139-1536x1152.jpg 1536w, https:\/\/www.sdxf.se\/WP\/wp-content\/uploads\/2024\/05\/20240525_214139-2048x1536.jpg 2048w\" sizes=\"auto, (max-width: 1024px) 100vw, 1024px\" \/><\/a><p id=\"caption-attachment-17714\" class=\"wp-caption-text\">Bild: LRA 36 &#8211; National Radio &#8221;Arc\u00e1ngel San Gabriel&#8221;<\/p><\/div>\n<p><a href=\"https:\/\/www.sdxf.se\/WP\/wp-content\/uploads\/2024\/05\/9jprj9yl.png\"><img loading=\"lazy\" decoding=\"async\" class=\"alignright size-full wp-image-17716\" src=\"https:\/\/www.sdxf.se\/WP\/wp-content\/uploads\/2024\/05\/9jprj9yl.png\" alt=\"\" width=\"216\" height=\"183\" \/><\/a>S\u00f6ndagen avslutades sedan med att DX-V\u00e4nnerna hade sitt sedvanliga \u00e5rsm\u00f6te och att Staffan Crona hade ett intressant f\u00f6redrag. M\u00f6tet avslutades med att vi kopplade upp Uwe-C. Schoop som var i Hamburg just d\u00e5 f\u00f6r att fira sin son p\u00e5 hans 50-\u00e5rs dag. Trots att Uwe varit med om en del sjukligheter p\u00e5 sistone var han pigg och allert. Uwe som hunnit fylla 84 \u00e5r var tidigare chef f\u00f6r Deutschlandfunk i K\u00f6ln som ocks\u00e5 haft regelbundna s\u00e4ndningar p\u00e5 svenska. Uwe har \u00e4ven p\u00e5 90-talet bes\u00f6kt DX-Parlamentet. Bland annat i Karlsborg 1992.<\/p>\n<p>&nbsp;<\/p>\n","protected":false},"excerpt":{"rendered":"<p>Under den nyss avslutade helgen mellan den 24-26 maj s\u00e5 samlades ett 20-tal medlemmar i dalsl\u00e4ndska Mellerud f\u00f6r att tr\u00e4ffas under gemytliga former p\u00e5 Dinners som nyligen\u00a0 bytte namn fr\u00e5n V\u00e4rdshuset p\u00e5 Dal. Strax efter lunch p\u00e5 fredagen samlades man <span class=\"excerpt-dots\">&hellip;<\/span> <a class=\"more-link\" href=\"https:\/\/www.sdxf.se\/WP\/?p=17709\"><span class=\"more-msg\">L\u00e4s mer &rarr;<\/span><\/a><\/p>\n","protected":false},"author":425,"featured_media":0,"comment_status":"closed","ping_status":"closed","sticky":false,"template":"","format":"standard","meta":{"footnotes":""},"categories":[6],"tags":[],"class_list":["post-17709","post","type-post","status-publish","format-standard","hentry","category-forbundsnytt"],"_links":{"self":[{"href":"https:\/\/www.sdxf.se\/WP\/index.php?rest_route=\/wp\/v2\/posts\/17709","targetHints":{"allow":["GET"]}}],"collection":[{"href":"https:\/\/www.sdxf.se\/WP\/index.php?rest_route=\/wp\/v2\/posts"}],"about":[{"href":"https:\/\/www.sdxf.se\/WP\/index.php?rest_route=\/wp\/v2\/types\/post"}],"author":[{"embeddable":true,"href":"https:\/\/www.sdxf.se\/WP\/index.php?rest_route=\/wp\/v2\/users\/425"}],"replies":[{"embeddable":true,"href":"https:\/\/www.sdxf.se\/WP\/index.php?rest_route=%2Fwp%2Fv2%2Fcomments&post=17709"}],"version-history":[{"count":3,"href":"https:\/\/www.sdxf.se\/WP\/index.php?rest_route=\/wp\/v2\/posts\/17709\/revisions"}],"predecessor-version":[{"id":17719,"href":"https:\/\/www.sdxf.se\/WP\/index.php?rest_route=\/wp\/v2\/posts\/17709\/revisions\/17719"}],"wp:attachment":[{"href":"https:\/\/www.sdxf.se\/WP\/index.php?rest_route=%2Fwp%2Fv2%2Fmedia&parent=17709"}],"wp:term":[{"taxonomy":"category","embeddable":true,"href":"https:\/\/www.sdxf.se\/WP\/index.php?rest_route=%2Fwp%2Fv2%2Fcategories&post=17709"},{"taxonomy":"post_tag","embeddable":true,"href":"https:\/\/www.sdxf.se\/WP\/index.php?rest_route=%2Fwp%2Fv2%2Ftags&post=17709"}],"curies":[{"name":"wp","href":"https:\/\/api.w.org\/{rel}","templated":true}]}}