{"id":20869,"date":"2025-08-27T20:06:38","date_gmt":"2025-08-27T18:06:38","guid":{"rendered":"https:\/\/www.sdxf.se\/WP\/?p=20869"},"modified":"2025-08-27T20:09:53","modified_gmt":"2025-08-27T18:09:53","slug":"zoom-mote-pa-onsdag-3-september-19-00-funkisradion","status":"publish","type":"post","link":"https:\/\/www.sdxf.se\/WP\/?p=20869","title":{"rendered":"Zoom-m\u00f6te p\u00e5 onsdag 3 september 19.00 &#8211; Funkisradion"},"content":{"rendered":"<p><img loading=\"lazy\" decoding=\"async\" src=\"https:\/\/www.sdxf.se\/WP\/wp-content\/uploads\/2025\/08\/Funkisradion-logo-294x300.jpg\" alt=\"\" width=\"294\" height=\"300\" class=\"alignright size-medium wp-image-20870\" srcset=\"https:\/\/www.sdxf.se\/WP\/wp-content\/uploads\/2025\/08\/Funkisradion-logo-294x300.jpg 294w, https:\/\/www.sdxf.se\/WP\/wp-content\/uploads\/2025\/08\/Funkisradion-logo.jpg 481w\" sizes=\"auto, (max-width: 294px) 100vw, 294px\" \/>P\u00e5 onsdag den 3 september kl 19.00 \u00e4r det dags f\u00f6r h\u00f6stens f\u00f6rsta Zoom-m\u00f6te. Vi tr\u00e4ffar Henrik P\u00e5lsson som driver Funkisradion i Halmstad. Ett mycket intressant projekt d\u00e4r deltagare f\u00e5r prova p\u00e5 att g\u00f6ra radio. Funkisradion s\u00e4nder p\u00e5 FM, men har ocks\u00e5 i perioder genomf\u00f6rt s\u00e4ndningar p\u00e5 mellanv\u00e5g. Henrik har planer f\u00f6r framtiden, och det kommer att bli intressant att h\u00f6ra vad han tror om m\u00f6jligheterna med den planerade nya lagstiftningen.<\/p>\n<p>Tyv\u00e4rr fick programpunkten med Funkisradion p\u00e5 DX-Parlamentet i somras st\u00e4llas in, men nu f\u00e5r vi m\u00f6jlighet att genomf\u00f6ra den digitalt, och ge alla medlemmar m\u00f6jlighet att ta del av informationen.<\/p>\n<p>Du hittar l\u00e4nk till m\u00f6tet hittar du l\u00e4ngre upp p\u00e5 sidan.<\/p>\n","protected":false},"excerpt":{"rendered":"<p>P\u00e5 onsdag den 3 september kl 19.00 \u00e4r det dags f\u00f6r h\u00f6stens f\u00f6rsta Zoom-m\u00f6te. Vi tr\u00e4ffar Henrik P\u00e5lsson som driver Funkisradion i Halmstad. Ett mycket intressant projekt d\u00e4r deltagare f\u00e5r prova p\u00e5 att g\u00f6ra radio. Funkisradion s\u00e4nder p\u00e5 FM, men <span class=\"excerpt-dots\">&hellip;<\/span> <a class=\"more-link\" href=\"https:\/\/www.sdxf.se\/WP\/?p=20869\"><span class=\"more-msg\">L\u00e4s mer &rarr;<\/span><\/a><\/p>\n","protected":false},"author":21,"featured_media":0,"comment_status":"closed","ping_status":"closed","sticky":false,"template":"","format":"standard","meta":{"footnotes":""},"categories":[1],"tags":[],"class_list":["post-20869","post","type-post","status-publish","format-standard","hentry","category-okategoriserade"],"_links":{"self":[{"href":"https:\/\/www.sdxf.se\/WP\/index.php?rest_route=\/wp\/v2\/posts\/20869","targetHints":{"allow":["GET"]}}],"collection":[{"href":"https:\/\/www.sdxf.se\/WP\/index.php?rest_route=\/wp\/v2\/posts"}],"about":[{"href":"https:\/\/www.sdxf.se\/WP\/index.php?rest_route=\/wp\/v2\/types\/post"}],"author":[{"embeddable":true,"href":"https:\/\/www.sdxf.se\/WP\/index.php?rest_route=\/wp\/v2\/users\/21"}],"replies":[{"embeddable":true,"href":"https:\/\/www.sdxf.se\/WP\/index.php?rest_route=%2Fwp%2Fv2%2Fcomments&post=20869"}],"version-history":[{"count":6,"href":"https:\/\/www.sdxf.se\/WP\/index.php?rest_route=\/wp\/v2\/posts\/20869\/revisions"}],"predecessor-version":[{"id":20876,"href":"https:\/\/www.sdxf.se\/WP\/index.php?rest_route=\/wp\/v2\/posts\/20869\/revisions\/20876"}],"wp:attachment":[{"href":"https:\/\/www.sdxf.se\/WP\/index.php?rest_route=%2Fwp%2Fv2%2Fmedia&parent=20869"}],"wp:term":[{"taxonomy":"category","embeddable":true,"href":"https:\/\/www.sdxf.se\/WP\/index.php?rest_route=%2Fwp%2Fv2%2Fcategories&post=20869"},{"taxonomy":"post_tag","embeddable":true,"href":"https:\/\/www.sdxf.se\/WP\/index.php?rest_route=%2Fwp%2Fv2%2Ftags&post=20869"}],"curies":[{"name":"wp","href":"https:\/\/api.w.org\/{rel}","templated":true}]}}