{"id":21037,"date":"2025-09-19T19:45:00","date_gmt":"2025-09-19T17:45:00","guid":{"rendered":"https:\/\/www.sdxf.se\/WP\/?p=21037"},"modified":"2025-09-19T20:42:55","modified_gmt":"2025-09-19T18:42:55","slug":"lat-radio-sweden-international-ater-bli-radio","status":"publish","type":"post","link":"https:\/\/www.sdxf.se\/WP\/?p=21037","title":{"rendered":"L\u00e5t Radio Sweden International \u00e5ter bli radio!"},"content":{"rendered":"<p><img loading=\"lazy\" decoding=\"async\" src=\"https:\/\/www.sdxf.se\/WP\/wp-content\/uploads\/2025\/09\/sw_international_broadcasters_radio_sweden_sticker_d.jpg\" alt=\"\" width=\"300\" height=\"181\" class=\"alignright size-full wp-image-21038\" \/>P\u00e5 \u00e5rsm\u00f6tet bif\u00f6lls en motion om att skicka en skrivelse till Riksdagen om \u00e5teruppr\u00e4ttande av Radio<br \/>\nSweden Internationals s\u00e4ndningar p\u00e5 mellanv\u00e5g och kortv\u00e5g. I dag gick skrivelsen iv\u00e4g till samtliga partier i Riksdagen, ledam\u00f6ter och suppleanter i kulturutskottet, fyra ber\u00f6rda ministrar och Sveriges Radios styrelse. Den kommer ocks\u00e5 skickas till en del dagstidningar. Tidpunkten \u00e4r vald med tanke p\u00e5 Riksdagens behandling av propositionen om tillst\u00e5nd till radios\u00e4ndningar som ska behandlas den 1 oktober.<\/p>\n<p>&#8212;<\/p>\n<p>Sveriges Radio\/Radio Sweden International kan idag i utlandet bara avlyssnas via Internet,<br \/>\nn\u00e5got som kan anses som subversivt och statsfientligt i flera l\u00e4nder. Lyssnaren kan relativt<br \/>\nenkelt sp\u00e5ras och Internets\u00e4ndningarna kan blockeras.<\/p>\n<p>Om s\u00e4ndningarna sker via klassisk radio blir det betydligt sv\u00e5rare att sp\u00e5ra lyssnarna och vi,<br \/>\nSveriges DX-F\u00f6rbund, f\u00f6resl\u00e5r d\u00e4rf\u00f6r att Sveriges Radio \u00e5ter skall s\u00e4nda radio p\u00e5 mellanv\u00e5g<br \/>\noch helst ocks\u00e5 p\u00e5 kortv\u00e5g via inhyrda eller egna s\u00e4ndarstationer.<\/p>\n<p>Sveriges DX-F\u00f6rbund \u00e4r en sammanslutning av medlemmar som uppskattar att lyssna p\u00e5<br \/>\nradiostationer fr\u00e5n hela v\u00e4rlden. DX-ingen var en stor hobby under flera decennier och<br \/>\nbidrog b\u00e5de till folkbildning och f\u00f6rst\u00e5else mellan l\u00e4nder och kulturer.<\/p>\n<p>Teknikutvecklingen har skapat helt andra m\u00f6jligheter att ta del av nyheter, reportage, musik<br \/>\nm m fr\u00e5n hela v\u00e4rlden, och dessutom i h\u00f6gre kvalitet och oberoende av skiftande<br \/>\natmosf\u00e4riska f\u00f6rh\u00e5llanden.<\/p>\n<p>Men!<\/p>\n<p>Med v\u00e4rldsl\u00e4get i beaktande m\u00e5ste vi konstatera att det var f\u00f6rhastat att sluta med<br \/>\ns\u00e4ndningar mot utlandet fr\u00e5n Radio Sweden International. Internettrafik kan sp\u00e4rras i icke<br \/>\ndemokratiska l\u00e4nder och t ex vid kris- eller krigssituationer. Internettrafik kan dessutom<br \/>\nsp\u00e5ras s\u00e5 att de som lyssnar via n\u00e4tet kan exponeras f\u00f6r en repressiv regim. <\/p>\n<p>De senaste \u00e5rens utveckling har gjort det mycket tydligt att Sveriges r\u00f6st beh\u00f6vs, inte bara<br \/>\np\u00e5 Internet, utan ocks\u00e5 i etern. Vi f\u00f6resl\u00e5r d\u00e4rf\u00f6r att Radio Sweden International \u00e5terupptar<br \/>\nsina s\u00e4ndningar p\u00e5 mellan- och kortv\u00e5g.<\/p>\n<p>P\u00e5 kort sikt kan s\u00e4ndartid hyras till l\u00e5g kostnad p\u00e5 kortv\u00e5g, och p\u00e5 n\u00e5got l\u00e4ngre sikt kan<br \/>\nmellanv\u00e5gss\u00e4ndaren i S\u00f6lvesborg \u00e5teraktiveras. I S\u00f6lvesborg finns delar av anl\u00e4ggningen<br \/>\nkvar, bl a antennmasterna. Denna n\u00e5dde, under de f\u00e5 \u00e5r den var i drift, med h\u00f6g kvalitet<br \/>\nl\u00e5ngt in i \u00f6stra Europa. Program produceras redan p\u00e5 bl a engelska, arabiska och farsi\/dari,<br \/>\nom \u00e4n i mindre omfattning, varf\u00f6r verksamheten skulle kunna starta med kort<br \/>\nframf\u00f6rh\u00e5llning.<\/p>\n<p>Behovet av r\u00f6ster fr\u00e5n demokratier har ocks\u00e5 \u00f6kat i och med nedmonteringen av Voice of<br \/>\nAmerica och Radio Free Europe\/Radio Liberty m fl.<\/p>\n<p>S\u00e4ndningar via mellanv\u00e5g och kortv\u00e5g kan inte sp\u00e4rras vid landets gr\u00e4nser. Det \u00e4r heller inte<br \/>\nenkelt att sp\u00e5ra vilka medborgare som har sina radiomottagare inst\u00e4llda f\u00f6r lyssning p\u00e5 t.ex.<br \/>\nRadio Sweden International. Att st\u00f6ra radios\u00e4ndningarna kan g\u00f6ras lokalt, men kr\u00e4ver stora<br \/>\nsystem f\u00f6r att st\u00f6ra ut mottagningen \u00f6ver ett st\u00f6rre landomr\u00e5de.<\/p>\n<p>Vi vill i samband med Riksdagens behandling av propositionen En l\u00e5ngsiktigt h\u00e5llbar<br \/>\nkommersiell radioverksamhet (Prop. 2024\/25:164) lyfta fr\u00e5gan och f\u00f6resl\u00e5 att ni tar de<br \/>\ninitiativ i de forum som beh\u00f6vs, f\u00f6r att \u00e5ter etablera Sveriges r\u00f6st p\u00e5 eterv\u00e5gorna.<\/p>\n<p>Enl uppdrag fr\u00e5n \u00e5rsm\u00f6tet 2025-06-14,<\/p>\n<p>Styrelsen,<\/p>\n<p>Sveriges DX-F\u00f6rbund<\/p>\n","protected":false},"excerpt":{"rendered":"<p>P\u00e5 \u00e5rsm\u00f6tet bif\u00f6lls en motion om att skicka en skrivelse till Riksdagen om \u00e5teruppr\u00e4ttande av Radio Sweden Internationals s\u00e4ndningar p\u00e5 mellanv\u00e5g och kortv\u00e5g. I dag gick skrivelsen iv\u00e4g till samtliga partier i Riksdagen, ledam\u00f6ter och suppleanter i kulturutskottet, fyra ber\u00f6rda <span class=\"excerpt-dots\">&hellip;<\/span> <a class=\"more-link\" href=\"https:\/\/www.sdxf.se\/WP\/?p=21037\"><span class=\"more-msg\">L\u00e4s mer &rarr;<\/span><\/a><\/p>\n","protected":false},"author":21,"featured_media":0,"comment_status":"closed","ping_status":"closed","sticky":false,"template":"","format":"standard","meta":{"footnotes":""},"categories":[1],"tags":[],"class_list":["post-21037","post","type-post","status-publish","format-standard","hentry","category-okategoriserade"],"_links":{"self":[{"href":"https:\/\/www.sdxf.se\/WP\/index.php?rest_route=\/wp\/v2\/posts\/21037","targetHints":{"allow":["GET"]}}],"collection":[{"href":"https:\/\/www.sdxf.se\/WP\/index.php?rest_route=\/wp\/v2\/posts"}],"about":[{"href":"https:\/\/www.sdxf.se\/WP\/index.php?rest_route=\/wp\/v2\/types\/post"}],"author":[{"embeddable":true,"href":"https:\/\/www.sdxf.se\/WP\/index.php?rest_route=\/wp\/v2\/users\/21"}],"replies":[{"embeddable":true,"href":"https:\/\/www.sdxf.se\/WP\/index.php?rest_route=%2Fwp%2Fv2%2Fcomments&post=21037"}],"version-history":[{"count":3,"href":"https:\/\/www.sdxf.se\/WP\/index.php?rest_route=\/wp\/v2\/posts\/21037\/revisions"}],"predecessor-version":[{"id":21041,"href":"https:\/\/www.sdxf.se\/WP\/index.php?rest_route=\/wp\/v2\/posts\/21037\/revisions\/21041"}],"wp:attachment":[{"href":"https:\/\/www.sdxf.se\/WP\/index.php?rest_route=%2Fwp%2Fv2%2Fmedia&parent=21037"}],"wp:term":[{"taxonomy":"category","embeddable":true,"href":"https:\/\/www.sdxf.se\/WP\/index.php?rest_route=%2Fwp%2Fv2%2Fcategories&post=21037"},{"taxonomy":"post_tag","embeddable":true,"href":"https:\/\/www.sdxf.se\/WP\/index.php?rest_route=%2Fwp%2Fv2%2Ftags&post=21037"}],"curies":[{"name":"wp","href":"https:\/\/api.w.org\/{rel}","templated":true}]}}