{"id":21638,"date":"2025-12-17T15:48:09","date_gmt":"2025-12-17T14:48:09","guid":{"rendered":"https:\/\/www.sdxf.se\/WP\/?p=21638"},"modified":"2025-12-17T15:48:09","modified_gmt":"2025-12-17T14:48:09","slug":"forlangd-tid-for-rne-pa-mellanvagen","status":"publish","type":"post","link":"https:\/\/www.sdxf.se\/WP\/?p=21638","title":{"rendered":"F\u00f6rl\u00e4ngd tid f\u00f6r RNE p\u00e5 mellanv\u00e5gen?"},"content":{"rendered":"<p><img loading=\"lazy\" decoding=\"async\" src=\"https:\/\/www.sdxf.se\/WP\/wp-content\/uploads\/2025\/12\/Radio_5_RNE_Spain.svg_-300x266.png\" alt=\"\" width=\"300\" height=\"266\" class=\"alignright size-medium wp-image-21584\" srcset=\"https:\/\/www.sdxf.se\/WP\/wp-content\/uploads\/2025\/12\/Radio_5_RNE_Spain.svg_-300x266.png 300w, https:\/\/www.sdxf.se\/WP\/wp-content\/uploads\/2025\/12\/Radio_5_RNE_Spain.svg_-1024x908.png 1024w, https:\/\/www.sdxf.se\/WP\/wp-content\/uploads\/2025\/12\/Radio_5_RNE_Spain.svg_-768x681.png 768w, https:\/\/www.sdxf.se\/WP\/wp-content\/uploads\/2025\/12\/Radio_5_RNE_Spain.svg_-1536x1361.png 1536w, https:\/\/www.sdxf.se\/WP\/wp-content\/uploads\/2025\/12\/Radio_5_RNE_Spain.svg_-2048x1815.png 2048w\" sizes=\"auto, (max-width: 300px) 100vw, 300px\" \/>V\u00e5r medlem Lars Jeppesen fick f\u00f6r en vecka sedan svar fr\u00e5n RNE Alicante. Kan det vara s\u00e5 att det finns en chans att RNE:s stationer p\u00e5 mellanv\u00e5g kommer att finnas kvar, \u00e5tminstone en tid till?<\/p>\n<p>Nedsl\u00e4ckning \u00e4r annars planerad till natten mot den 30 december 2025, kl 03.00 SNT. Vi citerar svaret till Lars nedan:<\/p>\n<p>&#8221;F\u00f6r n\u00e5gra m\u00e5nader sedan beordrade RNE en minskning av sin AM-s\u00e4ndningsstyrka. Nedl\u00e4ggningen av dessa s\u00e4ndningar var planerad till den 31 december 2025.<\/p>\n<p>Tack vare allm\u00e4nhetens p\u00e5tryckningar har RTVE:s ordf\u00f6rande f\u00f6rs\u00e4krat oss om att dessa s\u00e4ndningar inte kommer att st\u00e4ngas ner f\u00f6rr\u00e4n alla best\u00e4llda f\u00f6rstudier \u00e4r slutf\u00f6rda.<\/p>\n<p>Han har dock inte \u00e5tagit sig att inte st\u00e4nga dem.<\/p>\n<p>Med tanke p\u00e5 att detta \u00e4r en n\u00f6dv\u00e4ndig samh\u00e4llstj\u00e4nst vidarebefordrar jag en namninsamling till er, ifall ni vill skriva under den mot nedl\u00e4ggningen av v\u00e5ra AM-s\u00e4ndningar.<\/p>\n<p>https:\/\/www.change.org\/p\/salvemos-la-onda-media-de-rne<\/p>\n<p>Det \u00e4r synd att de yngre generationerna inte beh\u00e5ller sin passion f\u00f6r radio. M\u00e5 radion aldrig d\u00f6.&#8221;<\/p>\n<p>K\u00e4lla: Lars Jeppesen (LHU)<\/p>\n","protected":false},"excerpt":{"rendered":"<p>V\u00e5r medlem Lars Jeppesen fick f\u00f6r en vecka sedan svar fr\u00e5n RNE Alicante. Kan det vara s\u00e5 att det finns en chans att RNE:s stationer p\u00e5 mellanv\u00e5g kommer att finnas kvar, \u00e5tminstone en tid till? Nedsl\u00e4ckning \u00e4r annars planerad till <span class=\"excerpt-dots\">&hellip;<\/span> <a class=\"more-link\" href=\"https:\/\/www.sdxf.se\/WP\/?p=21638\"><span class=\"more-msg\">L\u00e4s mer &rarr;<\/span><\/a><\/p>\n","protected":false},"author":21,"featured_media":0,"comment_status":"closed","ping_status":"closed","sticky":false,"template":"","format":"standard","meta":{"footnotes":""},"categories":[1],"tags":[],"class_list":["post-21638","post","type-post","status-publish","format-standard","hentry","category-okategoriserade"],"_links":{"self":[{"href":"https:\/\/www.sdxf.se\/WP\/index.php?rest_route=\/wp\/v2\/posts\/21638","targetHints":{"allow":["GET"]}}],"collection":[{"href":"https:\/\/www.sdxf.se\/WP\/index.php?rest_route=\/wp\/v2\/posts"}],"about":[{"href":"https:\/\/www.sdxf.se\/WP\/index.php?rest_route=\/wp\/v2\/types\/post"}],"author":[{"embeddable":true,"href":"https:\/\/www.sdxf.se\/WP\/index.php?rest_route=\/wp\/v2\/users\/21"}],"replies":[{"embeddable":true,"href":"https:\/\/www.sdxf.se\/WP\/index.php?rest_route=%2Fwp%2Fv2%2Fcomments&post=21638"}],"version-history":[{"count":2,"href":"https:\/\/www.sdxf.se\/WP\/index.php?rest_route=\/wp\/v2\/posts\/21638\/revisions"}],"predecessor-version":[{"id":21640,"href":"https:\/\/www.sdxf.se\/WP\/index.php?rest_route=\/wp\/v2\/posts\/21638\/revisions\/21640"}],"wp:attachment":[{"href":"https:\/\/www.sdxf.se\/WP\/index.php?rest_route=%2Fwp%2Fv2%2Fmedia&parent=21638"}],"wp:term":[{"taxonomy":"category","embeddable":true,"href":"https:\/\/www.sdxf.se\/WP\/index.php?rest_route=%2Fwp%2Fv2%2Fcategories&post=21638"},{"taxonomy":"post_tag","embeddable":true,"href":"https:\/\/www.sdxf.se\/WP\/index.php?rest_route=%2Fwp%2Fv2%2Ftags&post=21638"}],"curies":[{"name":"wp","href":"https:\/\/api.w.org\/{rel}","templated":true}]}}