{"id":21877,"date":"2026-01-17T13:34:08","date_gmt":"2026-01-17T12:34:08","guid":{"rendered":"https:\/\/www.sdxf.se\/WP\/?p=21877"},"modified":"2026-01-17T13:34:08","modified_gmt":"2026-01-17T12:34:08","slug":"tibro-dx-klubb-program-for-2026","status":"publish","type":"post","link":"https:\/\/www.sdxf.se\/WP\/?p=21877","title":{"rendered":"Tibro DX-klubb program f\u00f6r 2026"},"content":{"rendered":"<p>23 januari Klubbm\u00f6te + lyssnarkv\u00e4ll. Ta med eget fikabr\u00f6d. Klubben kokar kaffe.<\/p>\n<p>13 februari \u00c5rsm\u00f6te med t\u00e5rta + lyssning. Klubben ordnar<br \/>\nmed kaffe och t\u00e5rta. Vi uppm\u00e4rksammar<br \/>\nv\u00e4rldsradiodagen.<\/p>\n<p>13 mars Lyssnarkv\u00e4ll med semlor. Vi uppm\u00e4rksammar<br \/>\nSankt Patriks dag. Klubben ordnar med kaffe och<br \/>\nsemla.<\/p>\n<p>10 april Klubbm\u00f6te med teaparty + lyssning. Ta med eget<br \/>\nfikabr\u00f6d. Klubben kokar kaffe\/te.<\/p>\n<p>17 april Digitalt m\u00f6te via Whats app.<\/p>\n<p>8 maj Prisutdelning Tibro m\u00e4sterskapet 2025.Ta med<br \/>\neget fikabr\u00f6d. Klubben kokar kaffe.<\/p>\n<p>29 \u2013 31 maj \u00c5rets DX parlament \u00e4ger rum i Ramn\u00e4s. Ligger<br \/>\n25 kilometer norr om V\u00e4ster\u00e5s.<\/p>\n<p>4 september 49 \u00e5rs jubileum med t\u00e5rta. Lyssnarkv\u00e4ll. Klubben<br \/>\nordnar med kaffe och t\u00e5rta.<\/p>\n<p>16 september \u00d6ppet hus klockan 18:30<\/p>\n<p>2 oktober Klubbm\u00f6te + lyssning. Tema Italien. Klubben<br \/>\nkokar kaffe.<\/p>\n<p>6 november Radiokalas + lyssnarkv\u00e4ll med Gustaf Adolfs<br \/>\nbakelse. Klubben ordnar med kaffe och bakelse.<\/p>\n<p>11 december Klubbm\u00f6te + QSL-kv\u00e4ll med julfika. Om tiden<br \/>\nmedger lyssning. Klubben ordnar med kaffe och<br \/>\nkaffebr\u00f6d.<\/p>\n<p>Om inget s\u00e4rskilt anges s\u00e5 h\u00e5lls m\u00f6tena hemma hos B\u00f6rje Sahl\u00e9n<br \/>\nV\u00e4stra L\u00e5nggatan 139 A, Tibro klockan 18:30. Pris f\u00f6r kaffe 25: -. De<br \/>\ng\u00e5nger klubben ordnar med f\u00f6rt\u00e4ring, delar de n\u00e4rvarande p\u00e5<br \/>\nkostnaden f\u00f6r den. Detta f\u00f6r att f\u00e5 en b\u00e4ttre ekonomi. Ta g\u00e4rna med<br \/>\nv\u00e4nner och bekanta.<\/p>\n<p>V\u00e4lkomna! Styrelsen!<\/p>\n","protected":false},"excerpt":{"rendered":"<p>23 januari Klubbm\u00f6te + lyssnarkv\u00e4ll. Ta med eget fikabr\u00f6d. Klubben kokar kaffe. 13 februari \u00c5rsm\u00f6te med t\u00e5rta + lyssning. Klubben ordnar med kaffe och t\u00e5rta. Vi uppm\u00e4rksammar v\u00e4rldsradiodagen. 13 mars Lyssnarkv\u00e4ll med semlor. Vi uppm\u00e4rksammar Sankt Patriks dag. Klubben ordnar <span class=\"excerpt-dots\">&hellip;<\/span> <a class=\"more-link\" href=\"https:\/\/www.sdxf.se\/WP\/?p=21877\"><span class=\"more-msg\">L\u00e4s mer &rarr;<\/span><\/a><\/p>\n","protected":false},"author":683,"featured_media":0,"comment_status":"closed","ping_status":"closed","sticky":false,"template":"","format":"standard","meta":{"footnotes":""},"categories":[7],"tags":[],"class_list":["post-21877","post","type-post","status-publish","format-standard","hentry","category-klubbnytt"],"_links":{"self":[{"href":"https:\/\/www.sdxf.se\/WP\/index.php?rest_route=\/wp\/v2\/posts\/21877","targetHints":{"allow":["GET"]}}],"collection":[{"href":"https:\/\/www.sdxf.se\/WP\/index.php?rest_route=\/wp\/v2\/posts"}],"about":[{"href":"https:\/\/www.sdxf.se\/WP\/index.php?rest_route=\/wp\/v2\/types\/post"}],"author":[{"embeddable":true,"href":"https:\/\/www.sdxf.se\/WP\/index.php?rest_route=\/wp\/v2\/users\/683"}],"replies":[{"embeddable":true,"href":"https:\/\/www.sdxf.se\/WP\/index.php?rest_route=%2Fwp%2Fv2%2Fcomments&post=21877"}],"version-history":[{"count":1,"href":"https:\/\/www.sdxf.se\/WP\/index.php?rest_route=\/wp\/v2\/posts\/21877\/revisions"}],"predecessor-version":[{"id":21878,"href":"https:\/\/www.sdxf.se\/WP\/index.php?rest_route=\/wp\/v2\/posts\/21877\/revisions\/21878"}],"wp:attachment":[{"href":"https:\/\/www.sdxf.se\/WP\/index.php?rest_route=%2Fwp%2Fv2%2Fmedia&parent=21877"}],"wp:term":[{"taxonomy":"category","embeddable":true,"href":"https:\/\/www.sdxf.se\/WP\/index.php?rest_route=%2Fwp%2Fv2%2Fcategories&post=21877"},{"taxonomy":"post_tag","embeddable":true,"href":"https:\/\/www.sdxf.se\/WP\/index.php?rest_route=%2Fwp%2Fv2%2Ftags&post=21877"}],"curies":[{"name":"wp","href":"https:\/\/api.w.org\/{rel}","templated":true}]}}