{"id":5228,"date":"2017-06-12T23:07:10","date_gmt":"2017-06-12T21:07:10","guid":{"rendered":"http:\/\/www.sdxf.se\/WP\/?p=5228"},"modified":"2017-06-12T23:07:10","modified_gmt":"2017-06-12T21:07:10","slug":"fm-radio-i-mobilen","status":"publish","type":"post","link":"https:\/\/www.sdxf.se\/WP\/?p=5228","title":{"rendered":"FM-radio i mobilen"},"content":{"rendered":"<p>Din mobil har s\u00e4kerligen en FM-mottagare inbyggd, men det \u00e4r inte givet att <a href=\"https:\/\/www.sdxf.se\/WP\/wp-content\/uploads\/2017\/06\/mexico.png\"><img loading=\"lazy\" decoding=\"async\" class=\"alignright size-full wp-image-5230\" src=\"https:\/\/www.sdxf.se\/WP\/wp-content\/uploads\/2017\/06\/mexico.png\" alt=\"\" width=\"170\" height=\"97\" \/><\/a>operativsystemet m\u00f6jligg\u00f6r aktivering av FM-lyssning.<br \/>\nMexiko har nu lagstiftat att, om det finns det en FM-mottagare i mobilen, s\u00e5 skall den kunna aktiveras av anv\u00e4ndaren! Ett ITU-f\u00f6rslag ligger bakom den radi(o)kala lagen.<\/p>\n<p>L\u00e4s mer p\u00e5<strong> <a href=\"http:\/\/digitalradioinsider.blogspot.se\/2017\/06\/first-country-to-rule-unlocking-fm.html\">H\u00c4R<\/a><\/strong>:<\/p>\n<p>K\u00e4lla: Lars Bergstr\u00f6m<\/p>\n","protected":false},"excerpt":{"rendered":"<p>Din mobil har s\u00e4kerligen en FM-mottagare inbyggd, men det \u00e4r inte givet att operativsystemet m\u00f6jligg\u00f6r aktivering av FM-lyssning. Mexiko har nu lagstiftat att, om det finns det en FM-mottagare i mobilen, s\u00e5 skall den kunna aktiveras av anv\u00e4ndaren! Ett ITU-f\u00f6rslag <span class=\"excerpt-dots\">&hellip;<\/span> <a class=\"more-link\" href=\"https:\/\/www.sdxf.se\/WP\/?p=5228\"><span class=\"more-msg\">L\u00e4s mer &rarr;<\/span><\/a><\/p>\n","protected":false},"author":2,"featured_media":0,"comment_status":"closed","ping_status":"open","sticky":false,"template":"","format":"standard","meta":{"footnotes":""},"categories":[1],"tags":[],"class_list":["post-5228","post","type-post","status-publish","format-standard","hentry","category-okategoriserade"],"_links":{"self":[{"href":"https:\/\/www.sdxf.se\/WP\/index.php?rest_route=\/wp\/v2\/posts\/5228","targetHints":{"allow":["GET"]}}],"collection":[{"href":"https:\/\/www.sdxf.se\/WP\/index.php?rest_route=\/wp\/v2\/posts"}],"about":[{"href":"https:\/\/www.sdxf.se\/WP\/index.php?rest_route=\/wp\/v2\/types\/post"}],"author":[{"embeddable":true,"href":"https:\/\/www.sdxf.se\/WP\/index.php?rest_route=\/wp\/v2\/users\/2"}],"replies":[{"embeddable":true,"href":"https:\/\/www.sdxf.se\/WP\/index.php?rest_route=%2Fwp%2Fv2%2Fcomments&post=5228"}],"version-history":[{"count":2,"href":"https:\/\/www.sdxf.se\/WP\/index.php?rest_route=\/wp\/v2\/posts\/5228\/revisions"}],"predecessor-version":[{"id":5231,"href":"https:\/\/www.sdxf.se\/WP\/index.php?rest_route=\/wp\/v2\/posts\/5228\/revisions\/5231"}],"wp:attachment":[{"href":"https:\/\/www.sdxf.se\/WP\/index.php?rest_route=%2Fwp%2Fv2%2Fmedia&parent=5228"}],"wp:term":[{"taxonomy":"category","embeddable":true,"href":"https:\/\/www.sdxf.se\/WP\/index.php?rest_route=%2Fwp%2Fv2%2Fcategories&post=5228"},{"taxonomy":"post_tag","embeddable":true,"href":"https:\/\/www.sdxf.se\/WP\/index.php?rest_route=%2Fwp%2Fv2%2Ftags&post=5228"}],"curies":[{"name":"wp","href":"https:\/\/api.w.org\/{rel}","templated":true}]}}