{"id":7578,"date":"2018-11-22T15:21:09","date_gmt":"2018-11-22T14:21:09","guid":{"rendered":"http:\/\/www.sdxf.se\/WP\/?p=7578"},"modified":"2019-06-06T21:03:57","modified_gmt":"2019-06-06T19:03:57","slug":"radiopiraten-black-peter","status":"publish","type":"post","link":"https:\/\/www.sdxf.se\/WP\/?p=7578","title":{"rendered":"Radiopiraten Black Peter"},"content":{"rendered":"<div><strong>Verkar vara n\u00e5t p\u00e5 G ang\u00e5ende Radio Black Peter i Lomsj\u00f6<\/strong><\/div>\n<div><strong>p\u00e5 50 talet.:<\/strong><\/div>\n<div><a id=\"LPNoLP803741\" href=\"https:\/\/www.vbm.se\/utstallningar\/pussel-och-pirater\/\">https:\/\/www.vbm.se\/utstallningar\/pussel-och-pirater\/<\/a><\/div>\n<div><a id=\"LPNoLP349301\" href=\"https:\/\/www.svt.se\/nyheter\/lokalt\/vasterbotten\/har-ar-broderna-som-gackade-hela-rikspressen\">https:\/\/www.svt.se\/nyheter\/lokalt\/vasterbotten\/har-ar-broderna-som-gackade-hela-rikspressen<\/a><\/div>\n<div><a id=\"LPNoLP249705\" href=\"http:\/\/jvnforg.dreamhosters.com\/radiohistoria\/blackpeter.htm\">http:\/\/jvnforg.dreamhosters.com\/radiohistoria\/blackpeter.htm<\/a><\/div>\n<div><a id=\"LPNoLP705905\" href=\"http:\/\/anidox.com\/project\/radio-black-peter\/\">http:\/\/anidox.com\/project\/radio-black-peter\/<\/a><\/div>\n<div><a id=\"LPNoLP423218\" href=\"https:\/\/sv-se.facebook.com\/groups\/Du-vet-att-du-%C3%A4r-fr%C3%A5n-%C3%85sele-om--164757200295297\/permalink\/1483607681743569\/\">https:\/\/sv-se.facebook.com\/groups\/Du-vet-att-du-%C3%A4r-fr%C3%A5n-%C3%85sele-om&#8211;164757200295297\/permalink\/1483607681743569\/<br \/>\n<\/a><\/div>\n<div><strong>SVT&nbsp; V\u00e4sterbotten:<\/strong><\/div>\n<div><a id=\"LPNoLP313518\" href=\"https:\/\/www.svt.se\/nyheter\/lokalt\/vasterbotten\/bortglomda-historien-om-black-peter-blev-utstallning-och-film\">https:\/\/www.svt.se\/nyheter\/lokalt\/vasterbotten\/bortglomda-historien-om-black-peter-blev-utstallning-och-film<\/a><\/div>\n<div><\/div>\n<div>73 de Dan Andersson i Delsbo<\/div>\n","protected":false},"excerpt":{"rendered":"<p>Verkar vara n\u00e5t p\u00e5 G ang\u00e5ende Radio Black Peter i Lomsj\u00f6 p\u00e5 50 talet.: https:\/\/www.vbm.se\/utstallningar\/pussel-och-pirater\/ https:\/\/www.svt.se\/nyheter\/lokalt\/vasterbotten\/har-ar-broderna-som-gackade-hela-rikspressen http:\/\/jvnforg.dreamhosters.com\/radiohistoria\/blackpeter.htm http:\/\/anidox.com\/project\/radio-black-peter\/ https:\/\/sv-se.facebook.com\/groups\/Du-vet-att-du-%C3%A4r-fr%C3%A5n-%C3%85sele-om&#8211;164757200295297\/permalink\/1483607681743569\/ SVT&nbsp; V\u00e4sterbotten: https:\/\/www.svt.se\/nyheter\/lokalt\/vasterbotten\/bortglomda-historien-om-black-peter-blev-utstallning-och-film 73 de Dan Andersson i Delsbo<\/p>\n <a class=\"more-link\" href=\"https:\/\/www.sdxf.se\/WP\/?p=7578\"><span class=\"more-msg\">L\u00e4s mer &rarr;<\/span><\/a>","protected":false},"author":7,"featured_media":0,"comment_status":"closed","ping_status":"closed","sticky":false,"template":"","format":"standard","meta":{"footnotes":""},"categories":[8],"tags":[],"class_list":["post-7578","post","type-post","status-publish","format-standard","hentry","category-nostalgi"],"_links":{"self":[{"href":"https:\/\/www.sdxf.se\/WP\/index.php?rest_route=\/wp\/v2\/posts\/7578","targetHints":{"allow":["GET"]}}],"collection":[{"href":"https:\/\/www.sdxf.se\/WP\/index.php?rest_route=\/wp\/v2\/posts"}],"about":[{"href":"https:\/\/www.sdxf.se\/WP\/index.php?rest_route=\/wp\/v2\/types\/post"}],"author":[{"embeddable":true,"href":"https:\/\/www.sdxf.se\/WP\/index.php?rest_route=\/wp\/v2\/users\/7"}],"replies":[{"embeddable":true,"href":"https:\/\/www.sdxf.se\/WP\/index.php?rest_route=%2Fwp%2Fv2%2Fcomments&post=7578"}],"version-history":[{"count":2,"href":"https:\/\/www.sdxf.se\/WP\/index.php?rest_route=\/wp\/v2\/posts\/7578\/revisions"}],"predecessor-version":[{"id":8120,"href":"https:\/\/www.sdxf.se\/WP\/index.php?rest_route=\/wp\/v2\/posts\/7578\/revisions\/8120"}],"wp:attachment":[{"href":"https:\/\/www.sdxf.se\/WP\/index.php?rest_route=%2Fwp%2Fv2%2Fmedia&parent=7578"}],"wp:term":[{"taxonomy":"category","embeddable":true,"href":"https:\/\/www.sdxf.se\/WP\/index.php?rest_route=%2Fwp%2Fv2%2Fcategories&post=7578"},{"taxonomy":"post_tag","embeddable":true,"href":"https:\/\/www.sdxf.se\/WP\/index.php?rest_route=%2Fwp%2Fv2%2Ftags&post=7578"}],"curies":[{"name":"wp","href":"https:\/\/api.w.org\/{rel}","templated":true}]}}