{"id":9092,"date":"2020-03-05T15:21:25","date_gmt":"2020-03-05T14:21:25","guid":{"rendered":"http:\/\/www.sdxf.se\/WP\/?p=9092"},"modified":"2020-03-06T10:34:02","modified_gmt":"2020-03-06T09:34:02","slug":"carl-gustaf-kohler-avliden","status":"publish","type":"post","link":"https:\/\/www.sdxf.se\/WP\/?p=9092","title":{"rendered":"Carl-Gustaf K\u00f6hler avliden"},"content":{"rendered":"<p>Carl-Gustaf K\u00f6hler avled i sitt hem den 30 Januari i \u00e5r, dagen innan han skulle fylla 75 \u00e5r.<\/p>\n<div>Carl-Gustaf K\u00f6hler f\u00f6ddes i Katrineholm och var under ett antal \u00e5r p\u00e5 90-talet huvudredakt\u00f6r f\u00f6r Eter-Aktuellt. K\u00f6hler var sedan ansvarig f\u00f6r DX-K\u00f6p under ett antal \u00e5r. Han hj\u00e4lpte \u00e4ven undertecknad med DX-K\u00f6p under de senast \u00e5ren.<\/div>\n<div><\/div>\n<div>Tack f\u00f6r allt C-G, jag kommer sakna telefonsamtalen. Vi hoppas nu att K\u00f6hler f\u00e5r frid i sin himmel och minns honom med v\u00e4rme.<\/div>\n","protected":false},"excerpt":{"rendered":"<p>Carl-Gustaf K\u00f6hler avled i sitt hem den 30 Januari i \u00e5r, dagen innan han skulle fylla 75 \u00e5r. Carl-Gustaf K\u00f6hler f\u00f6ddes i Katrineholm och var under ett antal \u00e5r p\u00e5 90-talet huvudredakt\u00f6r f\u00f6r Eter-Aktuellt. K\u00f6hler var sedan ansvarig f\u00f6r DX-K\u00f6p <span class=\"excerpt-dots\">&hellip;<\/span> <a class=\"more-link\" href=\"https:\/\/www.sdxf.se\/WP\/?p=9092\"><span class=\"more-msg\">L\u00e4s mer &rarr;<\/span><\/a><\/p>\n","protected":false},"author":318,"featured_media":0,"comment_status":"closed","ping_status":"closed","sticky":false,"template":"","format":"standard","meta":{"footnotes":""},"categories":[6],"tags":[],"class_list":["post-9092","post","type-post","status-publish","format-standard","hentry","category-forbundsnytt"],"_links":{"self":[{"href":"https:\/\/www.sdxf.se\/WP\/index.php?rest_route=\/wp\/v2\/posts\/9092","targetHints":{"allow":["GET"]}}],"collection":[{"href":"https:\/\/www.sdxf.se\/WP\/index.php?rest_route=\/wp\/v2\/posts"}],"about":[{"href":"https:\/\/www.sdxf.se\/WP\/index.php?rest_route=\/wp\/v2\/types\/post"}],"author":[{"embeddable":true,"href":"https:\/\/www.sdxf.se\/WP\/index.php?rest_route=\/wp\/v2\/users\/318"}],"replies":[{"embeddable":true,"href":"https:\/\/www.sdxf.se\/WP\/index.php?rest_route=%2Fwp%2Fv2%2Fcomments&post=9092"}],"version-history":[{"count":5,"href":"https:\/\/www.sdxf.se\/WP\/index.php?rest_route=\/wp\/v2\/posts\/9092\/revisions"}],"predecessor-version":[{"id":9097,"href":"https:\/\/www.sdxf.se\/WP\/index.php?rest_route=\/wp\/v2\/posts\/9092\/revisions\/9097"}],"wp:attachment":[{"href":"https:\/\/www.sdxf.se\/WP\/index.php?rest_route=%2Fwp%2Fv2%2Fmedia&parent=9092"}],"wp:term":[{"taxonomy":"category","embeddable":true,"href":"https:\/\/www.sdxf.se\/WP\/index.php?rest_route=%2Fwp%2Fv2%2Fcategories&post=9092"},{"taxonomy":"post_tag","embeddable":true,"href":"https:\/\/www.sdxf.se\/WP\/index.php?rest_route=%2Fwp%2Fv2%2Ftags&post=9092"}],"curies":[{"name":"wp","href":"https:\/\/api.w.org\/{rel}","templated":true}]}}